{"id":13219,"date":"2026-08-31T12:52:06","date_gmt":"2026-08-31T12:52:06","guid":{"rendered":"https:\/\/www.rodi.es\/blog\/?p=13219"},"modified":"2026-08-31T12:52:07","modified_gmt":"2026-08-31T12:52:07","slug":"ruta-moto-zaragoza-calatayud-soria-burgos","status":"publish","type":"post","link":"https:\/\/www.rodi.es\/blog\/ruta-moto-zaragoza-calatayud-soria-burgos\/","title":{"rendered":"Zaragoza en moto: al centro del Sistema Ib\u00e9rico"},"content":{"rendered":"\n<p><\/p>\n\n\n\n<p>Esta ruta nos hizo desplegar los mapas para trazar con cuidado. Las opciones eran muchas, pero finalmente logramos dar con una que permite acceder a la experiencia de conducci\u00f3n que estamos buscando. Esa que no te deja dormir la noche anterior a la salida, de pura emoci\u00f3n. Porque ciertamente hay rutas que podemos planificar para explorar la geograf\u00eda, y otras, que exploramos para descubrirnos a nosotros mismos. Esta es una de esas \u00faltimas.\u00a0<\/p>\n\n\n\n<p>La carretera que une Zaragoza con Burgos, pasando por Calatayud y Soria, es m\u00e1s que una invitaci\u00f3n a recorrer el alma del Sistema Ib\u00e9rico, esa incre\u00edble columna monta\u00f1osa que separa la depresi\u00f3n del Ebro de la meseta castellana. Es una puerta abierta a descubrir y sentir caminos que esconden algo tras el l\u00edmite que crean la ingenier\u00eda y el asfalto. No es la ruta m\u00e1s nombrada, ni la m\u00e1s transitada, y precisamente por eso es todo un deleite para el motorista que busca huir de los destinos saturados y de las rectas sin emoci\u00f3n.&nbsp;<\/p>\n\n\n\n<p>Este es un itinerario de aproximadamente 330 km que no persigue romper r\u00e9cords de velocidad. Al contrario, es uno que celebra y premia a quienes lo recorran con menos prisa. El descubrimiento y el placer de conducir por rutas que parecen haber sido hechas para andar en moto es algo \u00fanico, que invita a la calma y el sosiego. Desde la capital aragonesa hasta la ciudad del cord\u00f3n, pasando por tierras con un gran legado hist\u00f3rico, en esta ruta cada kil\u00f3metro son p\u00e1ginas y p\u00e1ginas de historia, geograf\u00eda y emociones. Sentir\u00e1s que hasta el propio asfalto adapta su textura, que el clima se transforma y que el paisaje evoluciona tan gradualmente que tardar\u00e1s en darte cuenta de que has cruzado alguna frontera natural hasta que mires atr\u00e1s. Vamos all\u00e1.&nbsp;<\/p>\n\n\n\n<h2 class=\"wp-block-heading\">La preparaci\u00f3n del viaje<\/h2>\n\n\n\n<p>En otras rutas ya hemos hablado sobre lo cambiante que puede ser el clima al transicionar entre diferentes \u00e1reas geogr\u00e1ficas del pa\u00eds. En <a href=\"https:\/\/www.rodi.es\/blog\/ruta-en-moto-por-huesca-pont-de-suert\/\">la ruta de Huesca<\/a>, por ejemplo, descubrimos que la transici\u00f3n del valle a los Pirineos demanda un equipamiento t\u00e9cnico que permita intensas variaciones de temperatura, desde el calor de los valles al fr\u00edo de las sombreadas rutas de monta\u00f1a. Afortunadamente, el Sistema Ib\u00e9rico no es una cordillera de alta monta\u00f1a con puertos de miles de metros de altitud, pero s\u00ed es una regi\u00f3n de orograf\u00eda compleja, con cambios de rasante constantes, curvas ciegas y una climatolog\u00eda que puede pasar del sol abrasador a una inesperada tormenta de verano en cuesti\u00f3n de minutos. As\u00ed que te recomendamos tomar las precauciones necesarias, revisar neum\u00e1ticos, cadena y niveles de l\u00edquidos antes de partir. Tambi\u00e9n puedes hacer esta revisi\u00f3n en uno de los <a href=\"https:\/\/www.rodi.es\/talleres-mecanicos\/zaragoza\/?srsltid=AfmBOopdvTOoyhSmZObqXH75w8TExM5SdMED4HP91J1N57Eba1oorAYj\">talleres Rodi de Zaragoza<\/a>, pues nunca est\u00e1 de m\u00e1s una revisi\u00f3n profesional antes de salir a ruta.&nbsp;<\/p>\n\n\n\n<p>Debemos anticipar que se trata de una <strong>ruta de rango medio-alto<\/strong>, esto significa que pese a que la <strong>conducci\u00f3n efectiva alcanza 4 horas<\/strong>, probablemente debas planificar toda una jornada, considerando las paradas obligatorias y opcionales para comer, ajustar equipamiento y descansar. Aunque la ruta est\u00e1 salpicada de localidades donde reponer material, no estar\u00eda nada mal llevar un kit b\u00e1sico de herramientas y repuestos b\u00e1sicos. La ropa, aunque t\u00e9cnica, debe adaptarse m\u00e1s a la comodidad general en ruta y a alguna eventual lluvia. As\u00ed que llevar alg\u00fan impermeable en la mochila viene bien. Dir\u00edamos incluso que es innegociable llevar uno. Tanto las tormentas de tarde como las gruesas nieblas matinales pueden sorprenderte en esta ruta. La filosof\u00eda principal de este viaje es salir preparados y, m\u00e1s que competir contra el cron\u00f3metro, leer el terreno y las condiciones atmosf\u00e9ricas.&nbsp;<\/p>\n\n\n\n<!-- \n  CTA RODI CITA PREVIA - Versi\u00f3n Segura para Blog\n  Este c\u00f3digo no usa scripts externos de Tailwind, por lo que no romper\u00e1 tus estilos actuales.\n-->\n\n<!-- Importamos la fuente solo si no est\u00e1 ya en la web -->\n<link href=\"https:\/\/fonts.googleapis.com\/css2?family=Fira+Sans+Condensed:wght@400;700&#038;display=swap\" rel=\"stylesheet\">\n\n<style>\n    \/* Contenedor principal con prefijo para evitar conflictos *\/\n    .rodi-cta-container {\n        font-family: 'Fira Sans Condensed', sans-serif;\n        box-sizing: border-box;\n        display: flex;\n        justify-content: center;\n        padding: 20px;\n        width: 100%;\n    }\n\n    .rodi-cta-card {\n        background: linear-gradient(180deg, #36373A 0%, #4a4b4f 100%);\n        border-top: 4px solid #F6D000;\n        border-radius: 0.5rem;\n        box-shadow: 0 20px 25px -5px rgba(0, 0, 0, 0.1), 0 10px 10px -5px rgba(0, 0, 0, 0.04);\n        padding: 1.5rem;\n        width: 100%;\n        max-width: 350px;\n        display: flex;\n        flex-direction: column;\n        align-items: center;\n        text-align: center;\n        gap: 1.25rem;\n        transition: all 0.3s ease;\n        margin: 2rem auto;\n        color: white;\n    }\n\n    .rodi-cta-card:hover {\n        box-shadow: 0 25px 50px -12px rgba(0, 0, 0, 0.25);\n        transform: translateY(-4px);\n    }\n\n    \/* Icono *\/\n    .rodi-cta-icon-bg {\n        background-color: rgba(255, 255, 255, 0.1);\n        border-radius: 9999px;\n        padding: 1rem;\n        display: flex;\n        align-items: center;\n        justify-content: center;\n        backdrop-filter: blur(4px);\n    }\n\n    .rodi-cta-icon-svg {\n        width: 40px;\n        height: 40px;\n        color: #F6D000;\n    }\n\n    \/* Textos *\/\n    .rodi-cta-title {\n        font-size: 1.5rem;\n        font-weight: 700;\n        line-height: 1.2;\n        margin: 0 0 0.5rem 0 !important; \/* El !important evita que el blog le meta margen *\/\n        color: white !important;\n    }\n\n    .rodi-cta-highlight {\n        color: #F6D000;\n    }\n\n    .rodi-cta-description {\n        color: #D1D5DB;\n        font-size: 0.875rem;\n        line-height: 1.4;\n        margin: 0 !important;\n    }\n\n    \/* Bot\u00f3n *\/\n    .rodi-cta-button {\n        background-color: #F6D000;\n        color: #36373A !important;\n        font-weight: 700;\n        font-size: 1.125rem;\n        padding: 0.75rem 1.5rem;\n        border-radius: 0.25rem;\n        display: flex;\n        align-items: center;\n        justify-content: center;\n        text-decoration: none !important;\n        text-transform: uppercase;\n        width: 100%;\n        transition: all 0.2s ease;\n        box-shadow: 0 0 15px rgba(246, 208, 0, 0.3);\n        border: none;\n        cursor: pointer;\n    }\n\n    .rodi-cta-button:hover {\n        background-color: #fbdf3e;\n        box-shadow: 0 0 25px rgba(246, 208, 0, 0.6);\n    }\n\n    .rodi-cta-button svg {\n        width: 20px;\n        height: 20px;\n        margin-left: 0.5rem;\n    }\n\n    \/* Nota pie *\/\n    .rodi-cta-footer {\n        font-size: 0.75rem;\n        color: #9CA3AF;\n        text-transform: uppercase;\n        letter-spacing: 0.05em;\n        font-weight: 500;\n        display: flex;\n        align-items: center;\n        margin-top: 0.5rem;\n    }\n\n    .rodi-cta-footer svg {\n        width: 16px;\n        height: 16px;\n        margin-right: 0.25rem;\n        color: #F6D000;\n    }\n\n    \/* Ajuste responsivo *\/\n    @media (max-width: 640px) {\n        .rodi-cta-title { font-size: 1.25rem; }\n        .rodi-cta-card { padding: 1.25rem; }\n    }\n<\/style>\n\n<div class=\"rodi-cta-container\">\n    <div class=\"rodi-cta-card\">\n        <!-- Icono -->\n        <div class=\"rodi-cta-icon-bg\">\n            <svg class=\"rodi-cta-icon-svg\" fill=\"none\" stroke=\"currentColor\" viewBox=\"0 0 24 24\" xmlns=\"http:\/\/www.w3.org\/2000\/svg\">\n                <path stroke-linecap=\"round\" stroke-linejoin=\"round\" stroke-width=\"1.5\" d=\"M8 7V3m8 4V3m-9 8h10M5 21h14a2 2 0 002-2V7a2 2 0 00-2-2H5a2 2 0 00-2 2v12a2 2 0 002 2z\"><\/path>\n            <\/svg>\n        <\/div>\n\n        <!-- Textos -->\n        <div>\n            <h2 class=\"rodi-cta-title\">\n                Tu veh\u00edculo en las <span class=\"rodi-cta-highlight\">mejores manos<\/span>\n            <\/h2>\n            <p class=\"rodi-cta-description\">\n                Mantenimiento, revisi\u00f3n o reparaci\u00f3n. Encuentra tu taller Rodi m\u00e1s cercano y pide cita online en solo 2 minutos.\n            <\/p>\n        <\/div>\n\n        <!-- Bot\u00f3n -->\n        <a href=\"https:\/\/www.rodi.es\/cita-previa\/seleccion-taller\/\" target=\"_blank\" rel=\"noopener noreferrer\" class=\"rodi-cta-button\">\n            <span>Pedir cita<\/span>\n            <svg fill=\"none\" stroke=\"currentColor\" viewBox=\"0 0 24 24\" xmlns=\"http:\/\/www.w3.org\/2000\/svg\">\n                <path stroke-linecap=\"round\" stroke-linejoin=\"round\" stroke-width=\"2.5\" d=\"M9 5l7 7-7 7\"><\/path>\n            <\/svg>\n        <\/a>\n\n        <!-- Footer -->\n        <div class=\"rodi-cta-footer\">\n            <svg fill=\"none\" stroke=\"currentColor\" viewBox=\"0 0 24 24\" xmlns=\"http:\/\/www.w3.org\/2000\/svg\">\n                <path stroke-linecap=\"round\" stroke-linejoin=\"round\" stroke-width=\"2\" d=\"M5 13l4 4L19 7\"><\/path>\n            <\/svg>\n            M\u00e1s de 160 talleres\n        <\/div>\n    <\/div>\n<\/div>\n\n\n\n<h2 class=\"wp-block-heading\">De Zaragoza a Burgos, tramo a tramo<\/h2>\n\n\n\n<h3 class=\"wp-block-heading\">Primer tramo: de Zaragoza a Calatayud (1 hora y 15 minutos)<\/h3>\n\n\n\n<p>Todo comienza en <a href=\"https:\/\/maps.app.goo.gl\/DJJv4NctjaqUbUMr5\">Zaragoza<\/a>, la quinta ciudad m\u00e1s grande de Espa\u00f1a y capital de Arag\u00f3n. Si no la has recorrido antes de salir a la ruta, es totalmente recomendable recorrerla despu\u00e9s. Esta ciudad, situada a orillas del r\u00edo Ebro, tiene un patrimonio impresionante; vale la pena perderse por el casco hist\u00f3rico, cruzar el puente de Piedra y contemplar la bas\u00edlica del Pilar, con sus c\u00fapulas y torres, que marca el horizonte y sirve como referencia visual incluso cuando ya est\u00e1s en carretera, mirando hacia atr\u00e1s por encima del hombro. La ciudad tiene una ferviente escena cultural con museos, festivales y una vida nocturna que merece una noche de estancia. Si puedes visitarla en octubre, para las fiestas del Pilar, vivir\u00e1s toda una experiencia. Pero ya, a subirse a la moto.&nbsp;<\/p>\n\n\n\n<p>Salir de Zaragoza hacia Calatayud podr\u00eda ponernos en la disyuntiva de elegir una autov\u00eda r\u00e1pida u optar por una ruta secundaria que nos d\u00e9 m\u00e1s perspectiva rural. No obstante, en este primer tramo vamos calentando, as\u00ed que iremos por el camino r\u00e1pido. Tomaremos la autov\u00eda A-2. Aqu\u00ed el primer desaf\u00edo es atravesar los n\u00facleos urbanos de las localidades de la ribera, lo que te obliga a mantener una conducci\u00f3n atenta, gestionando los cruces y las rotondas y teniendo en cuenta a los conductores que se van incorporando). El Ebro le entrega a Zaragoza una cuna verde y f\u00e9rtil, pero, a medida que nos alejamos, la carretera da paso a terrenos m\u00e1s \u00e1ridos, salpicados de olivos, almendros y vi\u00f1edos, y las primeras estribaciones del Sistema Ib\u00e9rico aparecen en el horizonte como una promesa de curvas y paisajes cambiantes.<\/p>\n\n\n\n<p><a href=\"https:\/\/maps.app.goo.gl\/vqV5465SzSY7g1FJ6\">Calatayud<\/a> se encuentra a unos ochenta y cinco kil\u00f3metros de Zaragoza, aunque la distancia se siente mayor por la riqueza del paisaje que vas atravesando. Este tramo es una clase magistral de geograf\u00eda aragonesa: de la vega f\u00e9rtil a la estepa, y de ah\u00ed a las primeras laderas monta\u00f1osas. Aunque al principio hay algunas rectas, m\u00e1s adelante el asfalto empieza a tener m\u00e1s car\u00e1cter, las rectas se acortan y las curvas comienzan a aparecer con m\u00e1s frecuencia, exigiendo que comiences a buscar tu ritmo en la moto. Poco despu\u00e9s de la Almunia de Do\u00f1a Godina encontrar\u00e1s el primer accidente geogr\u00e1fico cuyo punto medio es El Frasno, antes de llegar al primer destino.&nbsp;<\/p>\n\n\n\n<p>Calatayud te recibe con su patrimonio mud\u00e9jar, sus <a href=\"https:\/\/share.google\/KIl4so4KU4VJ0w45Q\">ruinas romanas, termas y yacimiento arqueol\u00f3gico de Bilbilis<\/a> en las afueras y su ambiente de ciudad que ha sabido conservar el car\u00e1cter hist\u00f3rico que la identifica. Es una parada obligatoria, no solo para repostar o tomar un caf\u00e9, sino para comprender que est\u00e1s entrando en una zona de transici\u00f3n. Aqu\u00ed el Arag\u00f3n central da paso al Arag\u00f3n m\u00e1s monta\u00f1oso. Las iglesias de Santa Mar\u00eda, San Pedro de los Francos y San Andr\u00e9s son testigos de la importancia hist\u00f3rica de una ciudad que siempre fue paso obligado entre la meseta y el Mediterr\u00e1neo.&nbsp;<\/p>\n\n\n\n<h3 class=\"wp-block-heading\">Segundo tramo: de Calatayud a Soria (1 hora y 30 minutos)<\/h3>\n\n\n\n<p>La carretera N-234, que enlaza Calatayud y Soria, atraviesa el Sistema Ib\u00e9rico de sur a norte, y lo hace con una generosidad paisaj\u00edstica y t\u00e9cnica que no tiene parang\u00f3n en la pen\u00ednsula. Por esta raz\u00f3n, este tramo es uno de los m\u00e1s interesantes para la conducci\u00f3n.<\/p>\n\n\n\n<p>Pese a que no es una ruta que se sature por el tr\u00e1fico, s\u00ed se debe tener en cuenta que se trata de una v\u00eda de doble sentido que cuenta con un solo carril por sentido, as\u00ed que los adelantamientos solo deben realizarse en los tramos en los que est\u00e9n permitidos. Fuera de este detalle, el comienzo de la ascensi\u00f3n hacia las tierras m\u00e1s altas es todo un placer en la soledad de la carretera, las curvas se suceden con un ritmo que invita a la concentraci\u00f3n, pero tambi\u00e9n al disfrute. Hay que prestar atenci\u00f3n a los cambios de rasante, al uso de frenos y a la liberaci\u00f3n de gas con progresi\u00f3n en la salida de las curvas. Una conducci\u00f3n fluida siempre buscar\u00e1 ese punto justo entre velocidad y seguridad, sintiendo c\u00f3mo la moto se adapta y nos brinda confianza.&nbsp;<\/p>\n\n\n\n<p>Los pinares eventualmente dan paso a parameras y zonas de matorral bajo, y el aire se vuelve m\u00e1s fresco y seco. La temperatura desciende varios grados, un aviso de que has cruzado la barrera natural. Es la meseta soriana, vasta y silenciosa, que se extiende hasta donde alcanza la vista.&nbsp;<\/p>\n\n\n\n<p>La aproximaci\u00f3n a <a href=\"https:\/\/maps.app.goo.gl\/Rmd3YVJhUfXJY5Bx6\">Soria<\/a> se hace descendiendo suavemente hacia la cuenca del Duero. Soria es una capital peque\u00f1a, \u00edntima, que conserva un aire medieval y un ritmo de vida pausado. Es la provincia menos poblada de Espa\u00f1a, y esa cualidad se respira en sus calles nada m\u00e1s aparcar la moto. El rom\u00e1nico de sus iglesias, la <a href=\"https:\/\/maps.app.goo.gl\/LQrLn9xEMEFXyuE79\">concatedral de San Pedro<\/a>, la <a href=\"https:\/\/maps.app.goo.gl\/Uy7hWs5ffbe3GbgVA\">iglesia de Santo Domingo<\/a> con su magn\u00edfica portada, y la cercana <a href=\"https:\/\/maps.app.goo.gl\/omDrPUcSEMBV8A2R6\">Alameda de Cervantes<\/a>, que se asoma al r\u00edo Duero, son testimonios de su importante pasado hist\u00f3rico que contrasta con la serenidad del presente. Sentarse en un banco de la Alameda, con el r\u00edo fluyendo lentamente y el puente de piedra al fondo, es el mejor premio tras casi dos horas de curvas y concentraci\u00f3n. Ded\u00edcale a Soria el tiempo que necesites. Es un lugar que concentra una energ\u00eda \u00fanica.&nbsp;<\/p>\n\n\n\n<h3 class=\"wp-block-heading\">Tercer tramo: de Soria a Burgos (1 hora y 50 minutos)<\/h3>\n\n\n\n<p>El \u00faltimo tramo de la ruta, que cubre aproximadamente 140 kil\u00f3metros, representa la transici\u00f3n definitiva de la meseta soriana a las tierras burgalesas y la antesala de la cordillera Cant\u00e1brica.&nbsp;<\/p>\n\n\n\n<p>La carretera N-234 al salir de Soria nos presenta la <a href=\"https:\/\/maps.app.goo.gl\/Z8ZQ9KjCoGhv6Rvb9\">sucesi\u00f3n cret\u00e1cica de Pico Frentes<\/a>, un afloramiento estratigr\u00e1fico cl\u00e1sico de la Cordillera Ib\u00e9rica que se levanta a nuestra izquierda y que termina con <a href=\"https:\/\/maps.app.goo.gl\/tAbuV5gDDqQvSa9j6\">la cascada de Fuentetoba<\/a>. Mientras, por la derecha, se extiende el Embalse de la Cuerda del Pozo desde donde nace el r\u00edo Duero, alimentado por el r\u00edo Duero, que nace en los cercanos Picos de Urbi\u00f3n y posteriormente atraviesa Soria.&nbsp;<\/p>\n\n\n\n<p>Poco m\u00e1s adelante, podemos hacer un breve desv\u00edo para visitar el <a href=\"https:\/\/maps.app.goo.gl\/rva5USQX6PFLFNGf9\">Parque Natural Ca\u00f1\u00f3n del R\u00edo Lobos<\/a>, testigo y evidencia del paso del tiempo y del agua, donde podemos encontrar formaciones rocosas que parecen esculpidas con una precisi\u00f3n imposible de reproducir a martillo y cincel. Si eres un amante de la geograf\u00eda, es un desv\u00edo imprescindible.&nbsp;<\/p>\n\n\n\n<p>Adem\u00e1s, a pocos kil\u00f3metros del Ca\u00f1\u00f3n del R\u00edo Lobos en direcci\u00f3n a Burgos encontraremos el <a href=\"https:\/\/maps.app.goo.gl\/1XVcTtfAK73LyWD86\">Parque Natural Sabinares del Arlanza<\/a>, un parque protegido que guarda los bosques de sabina albar m\u00e1s extensos y mejor conservados del planeta, adem\u00e1s de hermosos ca\u00f1ones de piedra caliza. Otra parada imprescindible.&nbsp;<\/p>\n\n\n\n<p>A medida que te acercas a la provincia de Burgos, notar\u00e1s que el paisaje va cambiando de nuevo. Las parameras secas dan paso a zonas de dehesas y bosques de ribera. La influencia de la cordillera Cant\u00e1brica se hace notar en la vegetaci\u00f3n, que se vuelve m\u00e1s densa y verde, y en el clima, que aporta una humedad agradable. La carretera discurre paralela o cerca de afluentes del Duero, y el agua aporta un elemento de frescura y vitalidad al paisaje.<\/p>\n\n\n\n<p><a href=\"https:\/\/maps.app.goo.gl\/uK9itLvqao3RL7PX9\">Burgos<\/a> se alza en el horizonte con su <a href=\"https:\/\/maps.app.goo.gl\/3wEaR3K8MJ6Bx4BY8\">catedral g\u00f3tica<\/a>, declarada Patrimonio de la Humanidad, como faro que gu\u00eda a los viajeros. Entrar en la ciudad por el sur, cruzando el r\u00edo Arlanz\u00f3n, es un final digno para una ruta que ha sido, en esencia, un viaje a trav\u00e9s del tiempo y la geograf\u00eda. Las calles del casco antiguo, con la plaza Mayor, el paseo del Espol\u00f3n y la catedral presidiendo todo el conjunto, te reciben con los brazos abiertos. Burgos merece d\u00edas, no horas. Su catedral es solo la punta del iceberg de un patrimonio que incluye el <a href=\"https:\/\/maps.app.goo.gl\/VtzJx5G8SNJfeNCE7\">monasterio de Las Huelgas<\/a>, <a href=\"https:\/\/maps.app.goo.gl\/mwBvXKGXgk7V9KgR9\">la cartuja de Miraflores<\/a> (un palacio g\u00f3tico del siglo XV), y un casco hist\u00f3rico que es un museo al aire libre donde la historia de Castilla se escribe en cada esquina. Un p\u00e1rrafo se queda corto para explicar la cantidad de lugares de inter\u00e9s que se pueden visitar. Lo recomendable, si adem\u00e1s visitaste los parques geol\u00f3gicos descritos anteriormente, es poder quedarse al menos una noche en Burgos para continuar explorando, antes de emprender el viaje de regreso.&nbsp;<\/p>\n\n\n\n<!-- \n  CTA RODI CITA PREVIA - Versi\u00f3n Segura para Blog\n  Este c\u00f3digo no usa scripts externos de Tailwind, por lo que no romper\u00e1 tus estilos actuales.\n-->\n\n<!-- Importamos la fuente solo si no est\u00e1 ya en la web -->\n<link href=\"https:\/\/fonts.googleapis.com\/css2?family=Fira+Sans+Condensed:wght@400;700&#038;display=swap\" rel=\"stylesheet\">\n\n<style>\n    \/* Contenedor principal con prefijo para evitar conflictos *\/\n    .rodi-cta-container {\n        font-family: 'Fira Sans Condensed', sans-serif;\n        box-sizing: border-box;\n        display: flex;\n        justify-content: center;\n        padding: 20px;\n        width: 100%;\n    }\n\n    .rodi-cta-card {\n        background: linear-gradient(180deg, #36373A 0%, #4a4b4f 100%);\n        border-top: 4px solid #F6D000;\n        border-radius: 0.5rem;\n        box-shadow: 0 20px 25px -5px rgba(0, 0, 0, 0.1), 0 10px 10px -5px rgba(0, 0, 0, 0.04);\n        padding: 1.5rem;\n        width: 100%;\n        max-width: 350px;\n        display: flex;\n        flex-direction: column;\n        align-items: center;\n        text-align: center;\n        gap: 1.25rem;\n        transition: all 0.3s ease;\n        margin: 2rem auto;\n        color: white;\n    }\n\n    .rodi-cta-card:hover {\n        box-shadow: 0 25px 50px -12px rgba(0, 0, 0, 0.25);\n        transform: translateY(-4px);\n    }\n\n    \/* Icono *\/\n    .rodi-cta-icon-bg {\n        background-color: rgba(255, 255, 255, 0.1);\n        border-radius: 9999px;\n        padding: 1rem;\n        display: flex;\n        align-items: center;\n        justify-content: center;\n        backdrop-filter: blur(4px);\n    }\n\n    .rodi-cta-icon-svg {\n        width: 40px;\n        height: 40px;\n        color: #F6D000;\n    }\n\n    \/* Textos *\/\n    .rodi-cta-title {\n        font-size: 1.5rem;\n        font-weight: 700;\n        line-height: 1.2;\n        margin: 0 0 0.5rem 0 !important; \/* El !important evita que el blog le meta margen *\/\n        color: white !important;\n    }\n\n    .rodi-cta-highlight {\n        color: #F6D000;\n    }\n\n    .rodi-cta-description {\n        color: #D1D5DB;\n        font-size: 0.875rem;\n        line-height: 1.4;\n        margin: 0 !important;\n    }\n\n    \/* Bot\u00f3n *\/\n    .rodi-cta-button {\n        background-color: #F6D000;\n        color: #36373A !important;\n        font-weight: 700;\n        font-size: 1.125rem;\n        padding: 0.75rem 1.5rem;\n        border-radius: 0.25rem;\n        display: flex;\n        align-items: center;\n        justify-content: center;\n        text-decoration: none !important;\n        text-transform: uppercase;\n        width: 100%;\n        transition: all 0.2s ease;\n        box-shadow: 0 0 15px rgba(246, 208, 0, 0.3);\n        border: none;\n        cursor: pointer;\n    }\n\n    .rodi-cta-button:hover {\n        background-color: #fbdf3e;\n        box-shadow: 0 0 25px rgba(246, 208, 0, 0.6);\n    }\n\n    .rodi-cta-button svg {\n        width: 20px;\n        height: 20px;\n        margin-left: 0.5rem;\n    }\n\n    \/* Nota pie *\/\n    .rodi-cta-footer {\n        font-size: 0.75rem;\n        color: #9CA3AF;\n        text-transform: uppercase;\n        letter-spacing: 0.05em;\n        font-weight: 500;\n        display: flex;\n        align-items: center;\n        margin-top: 0.5rem;\n    }\n\n    .rodi-cta-footer svg {\n        width: 16px;\n        height: 16px;\n        margin-right: 0.25rem;\n        color: #F6D000;\n    }\n\n    \/* Ajuste responsivo *\/\n    @media (max-width: 640px) {\n        .rodi-cta-title { font-size: 1.25rem; }\n        .rodi-cta-card { padding: 1.25rem; }\n    }\n<\/style>\n\n<div class=\"rodi-cta-container\">\n    <div class=\"rodi-cta-card\">\n        <!-- Icono -->\n        <div class=\"rodi-cta-icon-bg\">\n            <svg class=\"rodi-cta-icon-svg\" fill=\"none\" stroke=\"currentColor\" viewBox=\"0 0 24 24\" xmlns=\"http:\/\/www.w3.org\/2000\/svg\">\n                <path stroke-linecap=\"round\" stroke-linejoin=\"round\" stroke-width=\"1.5\" d=\"M8 7V3m8 4V3m-9 8h10M5 21h14a2 2 0 002-2V7a2 2 0 00-2-2H5a2 2 0 00-2 2v12a2 2 0 002 2z\"><\/path>\n            <\/svg>\n        <\/div>\n\n        <!-- Textos -->\n        <div>\n            <h2 class=\"rodi-cta-title\">\n                Tu veh\u00edculo en las <span class=\"rodi-cta-highlight\">mejores manos<\/span>\n            <\/h2>\n            <p class=\"rodi-cta-description\">\n                Mantenimiento, revisi\u00f3n o reparaci\u00f3n. Encuentra tu taller Rodi m\u00e1s cercano y pide cita online en solo 2 minutos.\n            <\/p>\n        <\/div>\n\n        <!-- Bot\u00f3n -->\n        <a href=\"https:\/\/www.rodi.es\/cita-previa\/seleccion-taller\/\" target=\"_blank\" rel=\"noopener noreferrer\" class=\"rodi-cta-button\">\n            <span>Pedir cita<\/span>\n            <svg fill=\"none\" stroke=\"currentColor\" viewBox=\"0 0 24 24\" xmlns=\"http:\/\/www.w3.org\/2000\/svg\">\n                <path stroke-linecap=\"round\" stroke-linejoin=\"round\" stroke-width=\"2.5\" d=\"M9 5l7 7-7 7\"><\/path>\n            <\/svg>\n        <\/a>\n\n        <!-- Footer -->\n        <div class=\"rodi-cta-footer\">\n            <svg fill=\"none\" stroke=\"currentColor\" viewBox=\"0 0 24 24\" xmlns=\"http:\/\/www.w3.org\/2000\/svg\">\n                <path stroke-linecap=\"round\" stroke-linejoin=\"round\" stroke-width=\"2\" d=\"M5 13l4 4L19 7\"><\/path>\n            <\/svg>\n            M\u00e1s de 160 talleres\n        <\/div>\n    <\/div>\n<\/div>\n\n\n\n<h3 class=\"wp-block-heading\">Un breve repaso gastron\u00f3mico<\/h3>\n\n\n\n<p>En una ruta de esta magnitud no podemos dejar fuera la comida. Con tramos que van desde una a dos horas, el cansancio se recupera con comida y descanso.&nbsp;<\/p>\n\n\n\n<ul>\n<li>En <strong>Calatayud<\/strong> no puedes irte sin probar sus vinos, especialmente los de la denominaci\u00f3n de origen local, elaborados con la uva garnacha, que han experimentado un renacimiento notable en los \u00faltimos a\u00f1os. Las migas aragonesas, el ternasco de Arag\u00f3n asado en horno de le\u00f1a y las frutas de la zona son otros pilares de la cocina local que te devolver\u00e1n la energ\u00eda.<\/li>\n\n\n\n<li>En <strong>Soria<\/strong>, la gastronom\u00eda es un cap\u00edtulo aparte que merece un viaje propio. Las setas en oto\u00f1o son un espect\u00e1culo, y platos como la caldereta de cordero, las patatas a la importancia, el torrezno crujiente y los quesos de la tierra son obligatorios. No olvides probar tambi\u00e9n los productos de la huerta del Duero. Las raciones en Soria son generosas, pensadas para combatir el fr\u00edo de la meseta, y los restaurantes suelen tener un ambiente acogedor y r\u00fastico que invita a quedarse charlando despu\u00e9s de comer.<\/li>\n\n\n\n<li><strong>Burgos<\/strong> cierra el tri\u00e1ngulo gastron\u00f3mico con su morcilla de arroz, famosa en todo el mundo, pero tambi\u00e9n con el lechazo asado castellano, cocinado lentamente en horno de le\u00f1a hasta que la piel queda crujiente y la carne se deshace. El queso de Burgos fresco, acompa\u00f1ado de membrillo o miel, es el postre perfecto. Y, por supuesto, los vinos de la Ribera del Duero, que tienen algunas de sus bodegas m\u00e1s emblem\u00e1ticas en esta zona, acompa\u00f1an cualquier comida con la elegancia y el cuerpo que merecen las grandes ocasiones.<\/li>\n<\/ul>\n\n\n\n<h3 class=\"wp-block-heading\">Una ruta con descanso incluido<\/h3>\n\n\n\n<p>Si decides que esta ruta es demasiado intensa para un solo d\u00eda, lo cual es muy recomendable para poder disfrutar de los detalles, el alojamiento es otro punto fuerte. Las tres ciudades principales ofrecen una amplia gama de opciones, desde hoteles con encanto en cascos hist\u00f3ricos hasta establecimientos m\u00e1s modernos en las afueras. En Zaragoza, los hoteles cerca del paseo de la Independencia o de la plaza del Pilar te permitir\u00e1n salir a la carretera con facilidad tras un buen desayuno.<\/p>\n\n\n\n<p>En Soria, la oferta de alojamiento es m\u00e1s \u00edntima. Hay peque\u00f1os hoteles boutique en edificios hist\u00f3ricos que te permitir\u00e1n vivir la experiencia de la capital soriana desde dentro, a pocos pasos de la Alameda y el Duero. Si prefieres algo m\u00e1s rural, hay numerosas casas rurales en los pueblos del trayecto, especialmente en la zona del Ca\u00f1\u00f3n del R\u00edo Lobos o en los valles cercanos a la Sierra de la Demanda, que te permitir\u00e1n vivir la experiencia de una Espa\u00f1a marcada por el silencio absoluto de la noche y la cercan\u00eda de la naturaleza..<\/p>\n\n\n\n<p>En Burgos, los hoteles situados cerca de la catedral o en el casco antiguo son ideales para aparcar la moto en un garaje seguro y salir a pasear por la noche. La ciudad tiene una vida nocturna y cultural muy activa, y alojarse en el centro te permite disfrutar de los pinchos y el ambiente de las calles tras un d\u00eda largo sobre la moto.&nbsp;<\/p>\n\n\n\n<h2 class=\"wp-block-heading\">Consejos de seguridad<\/h2>\n\n\n\n<p>Desde el punto de vista puramente motocicl\u00edstico, esta ruta es un regalo para la mu\u00f1eca. Las carreteras est\u00e1n en general en buen estado, aunque hay que estar atento a tramos con firme irregular o con gravilla en las curvas, especialmente en las zonas menos transitadas de la provincia de Soria. El tr\u00e1fico es el gran aliado de esta ruta: fuera de los accesos a las ciudades principales, la densidad de veh\u00edculos es muy baja, lo que te permite llevar tu propio ritmo sin la presi\u00f3n de tener a alguien pegado a tu rueda.&nbsp;<\/p>\n\n\n\n<p>En cuanto a la moto, no se necesita nada especial. Una trail, una sport-touring o incluso una naked son perfectamente v\u00e1lidas para este recorrido. Las carreteras secundarias del Sistema Ib\u00e9rico no tienen los baches profundos ni la gravilla suelta de los puertos de alta monta\u00f1a de los Pirineos o Picos de Europa, por lo que una moto de asfalto con buena suspensi\u00f3n se desenvolver\u00e1 con soltura si decides desviarte de la ruta principal.&nbsp;<\/p>\n\n\n\n<p>La gasolina no es un problema, ya que las distancias entre localidades son razonables y siempre hay gasolineras en las entradas de los pueblos. Sin embargo, es recomendable no bajar de media reserva en los tramos m\u00e1s solitarios entre Calatayud y Soria, donde las gasolineras pueden estar m\u00e1s alejadas entre s\u00ed o cerrar a mediod\u00eda (considera si viajas en festivo). Llevar el dep\u00f3sito lleno al iniciar cada tramo te dar\u00e1 la tranquilidad necesaria para disfrutar del paisaje sin mirar constantemente el cuentakil\u00f3metros. Nunca est\u00e1 de m\u00e1s ser precavido.<\/p>\n\n\n\n<h2 class=\"wp-block-heading\">El arte de conducir sin prisas<\/h2>\n\n\n\n<p>Hacer la ruta de Zaragoza hacia el Sistema Ib\u00e9rico en moto es algo m\u00e1s que sumar kil\u00f3metros. Es un ejercicio de paciencia, de observaci\u00f3n y de conexi\u00f3n con un territorio que ha sido testigo de millones de a\u00f1os de historia. Es una ruta que no busca impresionar con paisajes espectaculares de alta monta\u00f1a o lagos de origen glaciar, sino que seduce con su autenticidad, con su ritmo pausado, con la honestidad de sus carreteras y sus pueblos. Encontrar\u00e1s precisamente lo que has venido a buscar, ni m\u00e1s, ni menos.&nbsp;<\/p>\n\n\n\n<p>En un mundo donde todo parece ir demasiado r\u00e1pido, donde las autov\u00edas han convertido el viaje en un mero tr\u00e1mite entre el origen y el destino, esta ruta es un acto de resistencia. Es elegir el camino largo porque es el m\u00e1s bonito, siempre que se pueda, y detenerse en un pueblo de cien habitantes solo para ver su iglesia rom\u00e1nica. Hay que recordar por qu\u00e9 nos subimos a la moto en primer lugar: no para llegar, sino para sentir que estamos vivos en cada metro que avanzamos. Eso nos mueve, eso nos da aliento.&nbsp;<\/p>\n\n\n\n<p>Cuando llegues a Burgos y aparques la moto, probablemente sientas esa mezcla de satisfacci\u00f3n y melancol\u00eda que acompa\u00f1a al final de los buenos viajes. Habr\u00e1s recorrido unos 330 kil\u00f3metros en poco m\u00e1s de cuatro horas y media de conducci\u00f3n pura, pero la sensaci\u00f3n ser\u00e1 de haber viajado mucho m\u00e1s lejos. El cuerpo y el alma lo saben.&nbsp;<\/p>\n\n\n\n<p>Habr\u00e1s cruzado fronteras invisibles entre regiones, entre paisajes, entre formas de entender la vida. Y lo m\u00e1s importante, habr\u00e1s descubierto que el verdadero destino no era Burgos, ni Soria, ni Calatayud, sino el propio acto de viajar como una forma de enfrentarse al paso del tiempo.&nbsp;<\/p>\n\n\n\n<p>Esta ruta te espera, sin prisa. Solo tiene carreteras, paisajes y la promesa de que, cuando vuelvas a casa, algo se habr\u00e1 movido en tu interior, pues el que sale de viaje nunca es el mismo que el que regresa. Y Rodi Motor Services te estar\u00e1 esperando de vuelta en Zaragoza para la revisi\u00f3n post-viaje que te permitir\u00e1 seguir disfrutando de tus rutas en paz. Gracias por acompa\u00f1arnos en una nueva ruta. \u00a1Nos vemos en la pr\u00f3xima!<\/p>\n\n\n\n<!-- \n  CTA RODI CITA PREVIA - Versi\u00f3n Segura para Blog\n  Este c\u00f3digo no usa scripts externos de Tailwind, por lo que no romper\u00e1 tus estilos actuales.\n-->\n\n<!-- Importamos la fuente solo si no est\u00e1 ya en la web -->\n<link href=\"https:\/\/fonts.googleapis.com\/css2?family=Fira+Sans+Condensed:wght@400;700&#038;display=swap\" rel=\"stylesheet\">\n\n<style>\n    \/* Contenedor principal con prefijo para evitar conflictos *\/\n    .rodi-cta-container {\n        font-family: 'Fira Sans Condensed', sans-serif;\n        box-sizing: border-box;\n        display: flex;\n        justify-content: center;\n        padding: 20px;\n        width: 100%;\n    }\n\n    .rodi-cta-card {\n        background: linear-gradient(180deg, #36373A 0%, #4a4b4f 100%);\n        border-top: 4px solid #F6D000;\n        border-radius: 0.5rem;\n        box-shadow: 0 20px 25px -5px rgba(0, 0, 0, 0.1), 0 10px 10px -5px rgba(0, 0, 0, 0.04);\n        padding: 1.5rem;\n        width: 100%;\n        max-width: 350px;\n        display: flex;\n        flex-direction: column;\n        align-items: center;\n        text-align: center;\n        gap: 1.25rem;\n        transition: all 0.3s ease;\n        margin: 2rem auto;\n        color: white;\n    }\n\n    .rodi-cta-card:hover {\n        box-shadow: 0 25px 50px -12px rgba(0, 0, 0, 0.25);\n        transform: translateY(-4px);\n    }\n\n    \/* Icono *\/\n    .rodi-cta-icon-bg {\n        background-color: rgba(255, 255, 255, 0.1);\n        border-radius: 9999px;\n        padding: 1rem;\n        display: flex;\n        align-items: center;\n        justify-content: center;\n        backdrop-filter: blur(4px);\n    }\n\n    .rodi-cta-icon-svg {\n        width: 40px;\n        height: 40px;\n        color: #F6D000;\n    }\n\n    \/* Textos *\/\n    .rodi-cta-title {\n        font-size: 1.5rem;\n        font-weight: 700;\n        line-height: 1.2;\n        margin: 0 0 0.5rem 0 !important; \/* El !important evita que el blog le meta margen *\/\n        color: white !important;\n    }\n\n    .rodi-cta-highlight {\n        color: #F6D000;\n    }\n\n    .rodi-cta-description {\n        color: #D1D5DB;\n        font-size: 0.875rem;\n        line-height: 1.4;\n        margin: 0 !important;\n    }\n\n    \/* Bot\u00f3n *\/\n    .rodi-cta-button {\n        background-color: #F6D000;\n        color: #36373A !important;\n        font-weight: 700;\n        font-size: 1.125rem;\n        padding: 0.75rem 1.5rem;\n        border-radius: 0.25rem;\n        display: flex;\n        align-items: center;\n        justify-content: center;\n        text-decoration: none !important;\n        text-transform: uppercase;\n        width: 100%;\n        transition: all 0.2s ease;\n        box-shadow: 0 0 15px rgba(246, 208, 0, 0.3);\n        border: none;\n        cursor: pointer;\n    }\n\n    .rodi-cta-button:hover {\n        background-color: #fbdf3e;\n        box-shadow: 0 0 25px rgba(246, 208, 0, 0.6);\n    }\n\n    .rodi-cta-button svg {\n        width: 20px;\n        height: 20px;\n        margin-left: 0.5rem;\n    }\n\n    \/* Nota pie *\/\n    .rodi-cta-footer {\n        font-size: 0.75rem;\n        color: #9CA3AF;\n        text-transform: uppercase;\n        letter-spacing: 0.05em;\n        font-weight: 500;\n        display: flex;\n        align-items: center;\n        margin-top: 0.5rem;\n    }\n\n    .rodi-cta-footer svg {\n        width: 16px;\n        height: 16px;\n        margin-right: 0.25rem;\n        color: #F6D000;\n    }\n\n    \/* Ajuste responsivo *\/\n    @media (max-width: 640px) {\n        .rodi-cta-title { font-size: 1.25rem; }\n        .rodi-cta-card { padding: 1.25rem; }\n    }\n<\/style>\n\n<div class=\"rodi-cta-container\">\n    <div class=\"rodi-cta-card\">\n        <!-- Icono -->\n        <div class=\"rodi-cta-icon-bg\">\n            <svg class=\"rodi-cta-icon-svg\" fill=\"none\" stroke=\"currentColor\" viewBox=\"0 0 24 24\" xmlns=\"http:\/\/www.w3.org\/2000\/svg\">\n                <path stroke-linecap=\"round\" stroke-linejoin=\"round\" stroke-width=\"1.5\" d=\"M8 7V3m8 4V3m-9 8h10M5 21h14a2 2 0 002-2V7a2 2 0 00-2-2H5a2 2 0 00-2 2v12a2 2 0 002 2z\"><\/path>\n            <\/svg>\n        <\/div>\n\n        <!-- Textos -->\n        <div>\n            <h2 class=\"rodi-cta-title\">\n                Tu veh\u00edculo en las <span class=\"rodi-cta-highlight\">mejores manos<\/span>\n            <\/h2>\n            <p class=\"rodi-cta-description\">\n                Mantenimiento, revisi\u00f3n o reparaci\u00f3n. Encuentra tu taller Rodi m\u00e1s cercano y pide cita online en solo 2 minutos.\n            <\/p>\n        <\/div>\n\n        <!-- Bot\u00f3n -->\n        <a href=\"https:\/\/www.rodi.es\/cita-previa\/seleccion-taller\/\" target=\"_blank\" rel=\"noopener noreferrer\" class=\"rodi-cta-button\">\n            <span>Pedir cita<\/span>\n            <svg fill=\"none\" stroke=\"currentColor\" viewBox=\"0 0 24 24\" xmlns=\"http:\/\/www.w3.org\/2000\/svg\">\n                <path stroke-linecap=\"round\" stroke-linejoin=\"round\" stroke-width=\"2.5\" d=\"M9 5l7 7-7 7\"><\/path>\n            <\/svg>\n        <\/a>\n\n        <!-- Footer -->\n        <div class=\"rodi-cta-footer\">\n            <svg fill=\"none\" stroke=\"currentColor\" viewBox=\"0 0 24 24\" xmlns=\"http:\/\/www.w3.org\/2000\/svg\">\n                <path stroke-linecap=\"round\" stroke-linejoin=\"round\" stroke-width=\"2\" d=\"M5 13l4 4L19 7\"><\/path>\n            <\/svg>\n            M\u00e1s de 160 talleres\n        <\/div>\n    <\/div>\n<\/div>\n","protected":false},"excerpt":{"rendered":"<p>Esta ruta nos hizo desplegar los mapas para trazar con cuidado. Las opciones eran muchas, pero finalmente logramos dar con una que permite acceder a la experiencia de conducci\u00f3n que estamos buscando. Esa que no te deja dormir la noche anterior a la salida, de pura emoci\u00f3n. Porque ciertamente hay rutas que podemos planificar para &hellip; <\/p>\n<p class=\"link-more\"><a href=\"https:\/\/www.rodi.es\/blog\/ruta-moto-zaragoza-calatayud-soria-burgos\/\" class=\"more-link\">Continuar leyendo<span class=\"screen-reader-text\"> \u00abZaragoza en moto: al centro del Sistema Ib\u00e9rico\u00bb<\/span><\/a><\/p>\n","protected":false},"author":3,"featured_media":13220,"comment_status":"closed","ping_status":"closed","sticky":false,"template":"","format":"standard","meta":{"footnotes":""},"categories":[1],"tags":[],"yoast_head":"<!-- This site is optimized with the Yoast SEO plugin v24.4 - https:\/\/yoast.com\/wordpress\/plugins\/seo\/ -->\n<title>Zaragoza en moto: al centro del Sistema Ib\u00e9rico<\/title>\n<meta name=\"description\" content=\"Ruta en moto Zaragoza-Calatayud-Soria-Burgos: 330 km por el Sistema Ib\u00e9rico con carreteras sinuosas, paisajes \u00fanicos y patrimonio hist\u00f3rico.\" \/>\n<meta name=\"robots\" content=\"index, follow, max-snippet:-1, max-image-preview:large, max-video-preview:-1\" \/>\n<link rel=\"canonical\" href=\"https:\/\/www.rodi.es\/blog\/ruta-moto-zaragoza-calatayud-soria-burgos\/\" \/>\n<meta property=\"og:locale\" content=\"es_ES\" \/>\n<meta property=\"og:type\" content=\"article\" \/>\n<meta property=\"og:title\" content=\"Zaragoza en moto: al centro del Sistema Ib\u00e9rico\" \/>\n<meta property=\"og:description\" content=\"Ruta en moto Zaragoza-Calatayud-Soria-Burgos: 330 km por el Sistema Ib\u00e9rico con carreteras sinuosas, paisajes \u00fanicos y patrimonio hist\u00f3rico.\" \/>\n<meta property=\"og:url\" content=\"https:\/\/www.rodi.es\/blog\/ruta-moto-zaragoza-calatayud-soria-burgos\/\" \/>\n<meta property=\"og:site_name\" content=\"Rodi Motor Services\" \/>\n<meta property=\"article:publisher\" content=\"https:\/\/www.facebook.com\/rodimotorservices\" \/>\n<meta property=\"article:published_time\" content=\"2026-08-31T12:52:06+00:00\" \/>\n<meta property=\"article:modified_time\" content=\"2026-08-31T12:52:07+00:00\" \/>\n<meta property=\"og:image\" content=\"https:\/\/www.rodi.es\/blog\/wp-content\/uploads\/2026\/08\/ruta-moto-zaragoza-burgos.jpg\" \/>\n\t<meta property=\"og:image:width\" content=\"740\" \/>\n\t<meta property=\"og:image:height\" content=\"478\" \/>\n\t<meta property=\"og:image:type\" content=\"image\/jpeg\" \/>\n<meta name=\"author\" content=\"Fabian\" \/>\n<meta name=\"twitter:card\" content=\"summary_large_image\" \/>\n<meta name=\"twitter:creator\" content=\"@MotorRodi\" \/>\n<meta name=\"twitter:site\" content=\"@MotorRodi\" \/>\n<meta name=\"twitter:label1\" content=\"Escrito por\" \/>\n\t<meta name=\"twitter:data1\" content=\"Fabian\" \/>\n\t<meta name=\"twitter:label2\" content=\"Tiempo de lectura\" \/>\n\t<meta name=\"twitter:data2\" content=\"17 minutos\" \/>\n<script type=\"application\/ld+json\" class=\"yoast-schema-graph\">{\"@context\":\"https:\/\/schema.org\",\"@graph\":[{\"@type\":\"Article\",\"@id\":\"https:\/\/www.rodi.es\/blog\/ruta-moto-zaragoza-calatayud-soria-burgos\/#article\",\"isPartOf\":{\"@id\":\"https:\/\/www.rodi.es\/blog\/ruta-moto-zaragoza-calatayud-soria-burgos\/\"},\"author\":{\"name\":\"Fabian\",\"@id\":\"https:\/\/www.rodi.es\/blog\/#\/schema\/person\/67317e62d3609189db61ab29fe7d5a21\"},\"headline\":\"Zaragoza en moto: al centro del Sistema Ib\u00e9rico\",\"datePublished\":\"2026-08-31T12:52:06+00:00\",\"dateModified\":\"2026-08-31T12:52:07+00:00\",\"mainEntityOfPage\":{\"@id\":\"https:\/\/www.rodi.es\/blog\/ruta-moto-zaragoza-calatayud-soria-burgos\/\"},\"wordCount\":3486,\"publisher\":{\"@id\":\"https:\/\/www.rodi.es\/blog\/#organization\"},\"image\":{\"@id\":\"https:\/\/www.rodi.es\/blog\/ruta-moto-zaragoza-calatayud-soria-burgos\/#primaryimage\"},\"thumbnailUrl\":\"https:\/\/www.rodi.es\/blog\/wp-content\/uploads\/2026\/08\/ruta-moto-zaragoza-burgos.jpg\",\"articleSection\":[\"Sin categorizar\"],\"inLanguage\":\"es\"},{\"@type\":\"WebPage\",\"@id\":\"https:\/\/www.rodi.es\/blog\/ruta-moto-zaragoza-calatayud-soria-burgos\/\",\"url\":\"https:\/\/www.rodi.es\/blog\/ruta-moto-zaragoza-calatayud-soria-burgos\/\",\"name\":\"Zaragoza en moto: al centro del Sistema Ib\u00e9rico\",\"isPartOf\":{\"@id\":\"https:\/\/www.rodi.es\/blog\/#website\"},\"primaryImageOfPage\":{\"@id\":\"https:\/\/www.rodi.es\/blog\/ruta-moto-zaragoza-calatayud-soria-burgos\/#primaryimage\"},\"image\":{\"@id\":\"https:\/\/www.rodi.es\/blog\/ruta-moto-zaragoza-calatayud-soria-burgos\/#primaryimage\"},\"thumbnailUrl\":\"https:\/\/www.rodi.es\/blog\/wp-content\/uploads\/2026\/08\/ruta-moto-zaragoza-burgos.jpg\",\"datePublished\":\"2026-08-31T12:52:06+00:00\",\"dateModified\":\"2026-08-31T12:52:07+00:00\",\"description\":\"Ruta en moto Zaragoza-Calatayud-Soria-Burgos: 330 km por el Sistema Ib\u00e9rico con carreteras sinuosas, paisajes \u00fanicos y patrimonio hist\u00f3rico.\",\"breadcrumb\":{\"@id\":\"https:\/\/www.rodi.es\/blog\/ruta-moto-zaragoza-calatayud-soria-burgos\/#breadcrumb\"},\"inLanguage\":\"es\",\"potentialAction\":[{\"@type\":\"ReadAction\",\"target\":[\"https:\/\/www.rodi.es\/blog\/ruta-moto-zaragoza-calatayud-soria-burgos\/\"]}]},{\"@type\":\"ImageObject\",\"inLanguage\":\"es\",\"@id\":\"https:\/\/www.rodi.es\/blog\/ruta-moto-zaragoza-calatayud-soria-burgos\/#primaryimage\",\"url\":\"https:\/\/www.rodi.es\/blog\/wp-content\/uploads\/2026\/08\/ruta-moto-zaragoza-burgos.jpg\",\"contentUrl\":\"https:\/\/www.rodi.es\/blog\/wp-content\/uploads\/2026\/08\/ruta-moto-zaragoza-burgos.jpg\",\"width\":740,\"height\":478},{\"@type\":\"BreadcrumbList\",\"@id\":\"https:\/\/www.rodi.es\/blog\/ruta-moto-zaragoza-calatayud-soria-burgos\/#breadcrumb\",\"itemListElement\":[{\"@type\":\"ListItem\",\"position\":1,\"name\":\"Portada\",\"item\":\"https:\/\/www.rodi.es\/blog\/\"},{\"@type\":\"ListItem\",\"position\":2,\"name\":\"Zaragoza en moto: al centro del Sistema Ib\u00e9rico\"}]},{\"@type\":\"WebSite\",\"@id\":\"https:\/\/www.rodi.es\/blog\/#website\",\"url\":\"https:\/\/www.rodi.es\/blog\/\",\"name\":\"Rodi Motor Services\",\"description\":\"Neum\u00e1ticos al mejor precio\",\"publisher\":{\"@id\":\"https:\/\/www.rodi.es\/blog\/#organization\"},\"potentialAction\":[{\"@type\":\"SearchAction\",\"target\":{\"@type\":\"EntryPoint\",\"urlTemplate\":\"https:\/\/www.rodi.es\/blog\/?s={search_term_string}\"},\"query-input\":{\"@type\":\"PropertyValueSpecification\",\"valueRequired\":true,\"valueName\":\"search_term_string\"}}],\"inLanguage\":\"es\"},{\"@type\":\"Organization\",\"@id\":\"https:\/\/www.rodi.es\/blog\/#organization\",\"name\":\"Rodi Motor Services\",\"url\":\"https:\/\/www.rodi.es\/blog\/\",\"logo\":{\"@type\":\"ImageObject\",\"inLanguage\":\"es\",\"@id\":\"https:\/\/www.rodi.es\/blog\/#\/schema\/logo\/image\/\",\"url\":\"https:\/\/www.rodi.es\/blog\/wp-content\/uploads\/2020\/05\/logo-rodi.jpg\",\"contentUrl\":\"https:\/\/www.rodi.es\/blog\/wp-content\/uploads\/2020\/05\/logo-rodi.jpg\",\"width\":250,\"height\":250,\"caption\":\"Rodi Motor Services\"},\"image\":{\"@id\":\"https:\/\/www.rodi.es\/blog\/#\/schema\/logo\/image\/\"},\"sameAs\":[\"https:\/\/www.facebook.com\/rodimotorservices\",\"https:\/\/x.com\/MotorRodi\",\"https:\/\/www.instagram.com\/rodimotorservices\/\",\"https:\/\/es.linkedin.com\/company\/rodi-motor-services\",\"https:\/\/www.youtube.com\/user\/rodimotorservices\"]},{\"@type\":\"Person\",\"@id\":\"https:\/\/www.rodi.es\/blog\/#\/schema\/person\/67317e62d3609189db61ab29fe7d5a21\",\"name\":\"Fabian\",\"image\":{\"@type\":\"ImageObject\",\"inLanguage\":\"es\",\"@id\":\"https:\/\/www.rodi.es\/blog\/#\/schema\/person\/image\/\",\"url\":\"https:\/\/secure.gravatar.com\/avatar\/20364f4ce4272fefea9858179a5de384?s=96&d=mm&r=g\",\"contentUrl\":\"https:\/\/secure.gravatar.com\/avatar\/20364f4ce4272fefea9858179a5de384?s=96&d=mm&r=g\",\"caption\":\"Fabian\"}}]}<\/script>\n<!-- \/ Yoast SEO plugin. -->","yoast_head_json":{"title":"Zaragoza en moto: al centro del Sistema Ib\u00e9rico","description":"Ruta en moto Zaragoza-Calatayud-Soria-Burgos: 330 km por el Sistema Ib\u00e9rico con carreteras sinuosas, paisajes \u00fanicos y patrimonio hist\u00f3rico.","robots":{"index":"index","follow":"follow","max-snippet":"max-snippet:-1","max-image-preview":"max-image-preview:large","max-video-preview":"max-video-preview:-1"},"canonical":"https:\/\/www.rodi.es\/blog\/ruta-moto-zaragoza-calatayud-soria-burgos\/","og_locale":"es_ES","og_type":"article","og_title":"Zaragoza en moto: al centro del Sistema Ib\u00e9rico","og_description":"Ruta en moto Zaragoza-Calatayud-Soria-Burgos: 330 km por el Sistema Ib\u00e9rico con carreteras sinuosas, paisajes \u00fanicos y patrimonio hist\u00f3rico.","og_url":"https:\/\/www.rodi.es\/blog\/ruta-moto-zaragoza-calatayud-soria-burgos\/","og_site_name":"Rodi Motor Services","article_publisher":"https:\/\/www.facebook.com\/rodimotorservices","article_published_time":"2026-08-31T12:52:06+00:00","article_modified_time":"2026-08-31T12:52:07+00:00","og_image":[{"width":740,"height":478,"url":"https:\/\/www.rodi.es\/blog\/wp-content\/uploads\/2026\/08\/ruta-moto-zaragoza-burgos.jpg","type":"image\/jpeg"}],"author":"Fabian","twitter_card":"summary_large_image","twitter_creator":"@MotorRodi","twitter_site":"@MotorRodi","twitter_misc":{"Escrito por":"Fabian","Tiempo de lectura":"17 minutos"},"schema":{"@context":"https:\/\/schema.org","@graph":[{"@type":"Article","@id":"https:\/\/www.rodi.es\/blog\/ruta-moto-zaragoza-calatayud-soria-burgos\/#article","isPartOf":{"@id":"https:\/\/www.rodi.es\/blog\/ruta-moto-zaragoza-calatayud-soria-burgos\/"},"author":{"name":"Fabian","@id":"https:\/\/www.rodi.es\/blog\/#\/schema\/person\/67317e62d3609189db61ab29fe7d5a21"},"headline":"Zaragoza en moto: al centro del Sistema Ib\u00e9rico","datePublished":"2026-08-31T12:52:06+00:00","dateModified":"2026-08-31T12:52:07+00:00","mainEntityOfPage":{"@id":"https:\/\/www.rodi.es\/blog\/ruta-moto-zaragoza-calatayud-soria-burgos\/"},"wordCount":3486,"publisher":{"@id":"https:\/\/www.rodi.es\/blog\/#organization"},"image":{"@id":"https:\/\/www.rodi.es\/blog\/ruta-moto-zaragoza-calatayud-soria-burgos\/#primaryimage"},"thumbnailUrl":"https:\/\/www.rodi.es\/blog\/wp-content\/uploads\/2026\/08\/ruta-moto-zaragoza-burgos.jpg","articleSection":["Sin categorizar"],"inLanguage":"es"},{"@type":"WebPage","@id":"https:\/\/www.rodi.es\/blog\/ruta-moto-zaragoza-calatayud-soria-burgos\/","url":"https:\/\/www.rodi.es\/blog\/ruta-moto-zaragoza-calatayud-soria-burgos\/","name":"Zaragoza en moto: al centro del Sistema Ib\u00e9rico","isPartOf":{"@id":"https:\/\/www.rodi.es\/blog\/#website"},"primaryImageOfPage":{"@id":"https:\/\/www.rodi.es\/blog\/ruta-moto-zaragoza-calatayud-soria-burgos\/#primaryimage"},"image":{"@id":"https:\/\/www.rodi.es\/blog\/ruta-moto-zaragoza-calatayud-soria-burgos\/#primaryimage"},"thumbnailUrl":"https:\/\/www.rodi.es\/blog\/wp-content\/uploads\/2026\/08\/ruta-moto-zaragoza-burgos.jpg","datePublished":"2026-08-31T12:52:06+00:00","dateModified":"2026-08-31T12:52:07+00:00","description":"Ruta en moto Zaragoza-Calatayud-Soria-Burgos: 330 km por el Sistema Ib\u00e9rico con carreteras sinuosas, paisajes \u00fanicos y patrimonio hist\u00f3rico.","breadcrumb":{"@id":"https:\/\/www.rodi.es\/blog\/ruta-moto-zaragoza-calatayud-soria-burgos\/#breadcrumb"},"inLanguage":"es","potentialAction":[{"@type":"ReadAction","target":["https:\/\/www.rodi.es\/blog\/ruta-moto-zaragoza-calatayud-soria-burgos\/"]}]},{"@type":"ImageObject","inLanguage":"es","@id":"https:\/\/www.rodi.es\/blog\/ruta-moto-zaragoza-calatayud-soria-burgos\/#primaryimage","url":"https:\/\/www.rodi.es\/blog\/wp-content\/uploads\/2026\/08\/ruta-moto-zaragoza-burgos.jpg","contentUrl":"https:\/\/www.rodi.es\/blog\/wp-content\/uploads\/2026\/08\/ruta-moto-zaragoza-burgos.jpg","width":740,"height":478},{"@type":"BreadcrumbList","@id":"https:\/\/www.rodi.es\/blog\/ruta-moto-zaragoza-calatayud-soria-burgos\/#breadcrumb","itemListElement":[{"@type":"ListItem","position":1,"name":"Portada","item":"https:\/\/www.rodi.es\/blog\/"},{"@type":"ListItem","position":2,"name":"Zaragoza en moto: al centro del Sistema Ib\u00e9rico"}]},{"@type":"WebSite","@id":"https:\/\/www.rodi.es\/blog\/#website","url":"https:\/\/www.rodi.es\/blog\/","name":"Rodi Motor Services","description":"Neum\u00e1ticos al mejor precio","publisher":{"@id":"https:\/\/www.rodi.es\/blog\/#organization"},"potentialAction":[{"@type":"SearchAction","target":{"@type":"EntryPoint","urlTemplate":"https:\/\/www.rodi.es\/blog\/?s={search_term_string}"},"query-input":{"@type":"PropertyValueSpecification","valueRequired":true,"valueName":"search_term_string"}}],"inLanguage":"es"},{"@type":"Organization","@id":"https:\/\/www.rodi.es\/blog\/#organization","name":"Rodi Motor Services","url":"https:\/\/www.rodi.es\/blog\/","logo":{"@type":"ImageObject","inLanguage":"es","@id":"https:\/\/www.rodi.es\/blog\/#\/schema\/logo\/image\/","url":"https:\/\/www.rodi.es\/blog\/wp-content\/uploads\/2020\/05\/logo-rodi.jpg","contentUrl":"https:\/\/www.rodi.es\/blog\/wp-content\/uploads\/2020\/05\/logo-rodi.jpg","width":250,"height":250,"caption":"Rodi Motor Services"},"image":{"@id":"https:\/\/www.rodi.es\/blog\/#\/schema\/logo\/image\/"},"sameAs":["https:\/\/www.facebook.com\/rodimotorservices","https:\/\/x.com\/MotorRodi","https:\/\/www.instagram.com\/rodimotorservices\/","https:\/\/es.linkedin.com\/company\/rodi-motor-services","https:\/\/www.youtube.com\/user\/rodimotorservices"]},{"@type":"Person","@id":"https:\/\/www.rodi.es\/blog\/#\/schema\/person\/67317e62d3609189db61ab29fe7d5a21","name":"Fabian","image":{"@type":"ImageObject","inLanguage":"es","@id":"https:\/\/www.rodi.es\/blog\/#\/schema\/person\/image\/","url":"https:\/\/secure.gravatar.com\/avatar\/20364f4ce4272fefea9858179a5de384?s=96&d=mm&r=g","contentUrl":"https:\/\/secure.gravatar.com\/avatar\/20364f4ce4272fefea9858179a5de384?s=96&d=mm&r=g","caption":"Fabian"}}]}},"_links":{"self":[{"href":"https:\/\/www.rodi.es\/blog\/wp-json\/wp\/v2\/posts\/13219"}],"collection":[{"href":"https:\/\/www.rodi.es\/blog\/wp-json\/wp\/v2\/posts"}],"about":[{"href":"https:\/\/www.rodi.es\/blog\/wp-json\/wp\/v2\/types\/post"}],"author":[{"embeddable":true,"href":"https:\/\/www.rodi.es\/blog\/wp-json\/wp\/v2\/users\/3"}],"replies":[{"embeddable":true,"href":"https:\/\/www.rodi.es\/blog\/wp-json\/wp\/v2\/comments?post=13219"}],"version-history":[{"count":5,"href":"https:\/\/www.rodi.es\/blog\/wp-json\/wp\/v2\/posts\/13219\/revisions"}],"predecessor-version":[{"id":13251,"href":"https:\/\/www.rodi.es\/blog\/wp-json\/wp\/v2\/posts\/13219\/revisions\/13251"}],"wp:featuredmedia":[{"embeddable":true,"href":"https:\/\/www.rodi.es\/blog\/wp-json\/wp\/v2\/media\/13220"}],"wp:attachment":[{"href":"https:\/\/www.rodi.es\/blog\/wp-json\/wp\/v2\/media?parent=13219"}],"wp:term":[{"taxonomy":"category","embeddable":true,"href":"https:\/\/www.rodi.es\/blog\/wp-json\/wp\/v2\/categories?post=13219"},{"taxonomy":"post_tag","embeddable":true,"href":"https:\/\/www.rodi.es\/blog\/wp-json\/wp\/v2\/tags?post=13219"}],"curies":[{"name":"wp","href":"https:\/\/api.w.org\/{rel}","templated":true}]}}