{"id":4325,"date":"2021-02-15T09:15:24","date_gmt":"2021-02-15T09:15:24","guid":{"rendered":"https:\/\/www.rodi.es\/blog\/?p=4325"},"modified":"2024-09-19T14:30:30","modified_gmt":"2024-09-19T14:30:30","slug":"taller-zaragoza-puebla-alfiden-san-valero-nuevas-instalaciones","status":"publish","type":"post","link":"https:\/\/www.rodi.es\/blog\/taller-zaragoza-puebla-alfiden-san-valero-nuevas-instalaciones\/","title":{"rendered":"Los talleres de Puebla de Alfid\u00e9n y P.I. San Valero estrenan Instalaciones"},"content":{"rendered":"\n<p>Tras a\u00f1os prestando servicio en Zaragoza, en Rodi Motor Services hemos emprendido mejoras en los talleres de las afueras de la ciudad. Gracias a esta renovaci\u00f3n, los talleres ubicados en la Puebla de Alfind\u00e9n y el Pol\u00edgono Industrial de San Valero, mejoran la experiencia de compra y el servicio para sus clientes.<\/p>\n\n\n\n<p><strong>El <a href=\"https:\/\/www.rodi.es\/talleres-mecanicos\/zaragoza\/malpica\/\">taller Puebla de Alfind\u00e9n<\/a> estrena nuevas instalaciones<\/strong> adaptando sus servicios a las necesidades del cliente actual. El nuevo local, situado en la C\/ Nogal 107, cuenta con almac\u00e9n guarda neum\u00e1ticos y una <strong>nueva recepci\u00f3n<\/strong> donde el cliente puede relajarse mientras el equipo t\u00e9cnico se ocupa de su veh\u00edculo. En esta misma zona del taller, el cliente puede hacer uso de servicios como la <strong>cafeter\u00eda, recargar su tel\u00e9fono m\u00f3vil o ver la televisi\u00f3n.<\/strong><\/p>\n\n\n\n<figure class=\"wp-block-image size-large\"><img decoding=\"async\" width=\"740\" height=\"488\" src=\"https:\/\/www.rodi.es\/blog\/wp-content\/uploads\/2021\/02\/recepcion-premium-taller-puebla-alfinden.jpg\" alt=\"\" class=\"wp-image-4343\" srcset=\"https:\/\/www.rodi.es\/blog\/wp-content\/uploads\/2021\/02\/recepcion-premium-taller-puebla-alfinden.jpg 740w, https:\/\/www.rodi.es\/blog\/wp-content\/uploads\/2021\/02\/recepcion-premium-taller-puebla-alfinden-300x198.jpg 300w\" sizes=\"(max-width: 706px) 89vw, (max-width: 767px) 82vw, 740px\" \/><figcaption class=\"wp-element-caption\">Nueva recepci\u00f3n premium taller la Puebla de Alfind\u00e9n.<\/figcaption><\/figure>\n\n\n\n<p>Por otro lado, el<strong> taller en Pol\u00edgono de San Valero ubicado en Carretera de Castell\u00f3n Km 4<\/strong>, cuenta con nuevas instalaciones para albergar tambi\u00e9n una recepci\u00f3n con todas estas comodidades, conexi\u00f3n WiFi para clientes y otros servicios enfocados en mejorar la experiencia: financiaci\u00f3n, compra online, guarda neum\u00e1ticos, m\u00e1quina de vending\u2026<\/p>\n\n\n\n<p>Ambos talleres son especialistas en mec\u00e1nica integral para coches, camiones y veh\u00edculos agr\u00edcolas. Entre los servicios m\u00e1s demandados por sus clientes se encuentran el<strong> montaje y reparaci\u00f3n de neum\u00e1ticos, revisiones, servicios de mantenimiento, adem\u00e1s de asistencia 24 horas para veh\u00edculos industriales.<\/strong> Estos centros cuentan en la actualidad con una plantilla de 14 profesionales.<\/p>\n\n\n\n<p>La mejora de estos dos talleres zaragozanos, responde a la estrategia de mejora continua practicada por Rodi Motor Services a lo largo de los \u00faltimos a\u00f1os, con nuestros m\u00e1s de 20 talleres en la regi\u00f3n da Arag\u00f3n. Este a\u00f1o 2021 en Rodi celebramos nuestro 30 aniversario y, de qu\u00e9 mejor manera, que mejorando la imagen y la experiencia de compra en todos nuestros talleres.<\/p>\n","protected":false},"excerpt":{"rendered":"<p>Tras a\u00f1os prestando servicio en Zaragoza, en Rodi Motor Services hemos emprendido mejoras en los talleres de las afueras de la ciudad. Gracias a esta renovaci\u00f3n, los talleres ubicados en la Puebla de Alfind\u00e9n y el Pol\u00edgono Industrial de San Valero, mejoran la experiencia de compra y el servicio para sus clientes. El taller Puebla &hellip; <\/p>\n<p class=\"link-more\"><a href=\"https:\/\/www.rodi.es\/blog\/taller-zaragoza-puebla-alfiden-san-valero-nuevas-instalaciones\/\" class=\"more-link\">Continuar leyendo<span class=\"screen-reader-text\"> \u00abLos talleres de Puebla de Alfid\u00e9n y P.I. San Valero estrenan Instalaciones\u00bb<\/span><\/a><\/p>\n","protected":false},"author":1,"featured_media":4332,"comment_status":"closed","ping_status":"closed","sticky":false,"template":"","format":"standard","meta":{"footnotes":""},"categories":[1],"tags":[],"yoast_head":"<!-- This site is optimized with the Yoast SEO plugin v24.4 - https:\/\/yoast.com\/wordpress\/plugins\/seo\/ -->\n<title>Los talleres Puebla de Alfid\u00e9n y P.I. San Valero estrenan Instalaciones<\/title>\n<meta name=\"description\" content=\"Tras a\u00f1os prestando servicio en Zaragoza, en Rodi hemos emprendido mejoras en los talleres de la Puebla de Alfind\u00e9n y el Pol\u00edgono Industrial de San Valero.\" \/>\n<meta name=\"robots\" content=\"index, follow, max-snippet:-1, max-image-preview:large, max-video-preview:-1\" \/>\n<link rel=\"canonical\" href=\"https:\/\/www.rodi.es\/blog\/taller-zaragoza-puebla-alfiden-san-valero-nuevas-instalaciones\/\" \/>\n<meta property=\"og:locale\" content=\"es_ES\" \/>\n<meta property=\"og:type\" content=\"article\" \/>\n<meta property=\"og:title\" content=\"Los talleres Puebla de Alfid\u00e9n y P.I. San Valero estrenan Instalaciones\" \/>\n<meta property=\"og:description\" content=\"Tras a\u00f1os prestando servicio en Zaragoza, en Rodi hemos emprendido mejoras en los talleres de la Puebla de Alfind\u00e9n y el Pol\u00edgono Industrial de San Valero.\" \/>\n<meta property=\"og:url\" content=\"https:\/\/www.rodi.es\/blog\/taller-zaragoza-puebla-alfiden-san-valero-nuevas-instalaciones\/\" \/>\n<meta property=\"og:site_name\" content=\"Rodi Motor Services\" \/>\n<meta property=\"article:publisher\" content=\"https:\/\/www.facebook.com\/rodimotorservices\" \/>\n<meta property=\"article:published_time\" content=\"2021-02-15T09:15:24+00:00\" \/>\n<meta property=\"article:modified_time\" content=\"2024-09-19T14:30:30+00:00\" \/>\n<meta property=\"og:image\" content=\"https:\/\/www.rodi.es\/blog\/wp-content\/uploads\/2021\/02\/taller-zaragoza-puebla-alfinden-zaragoza-1.jpg\" \/>\n\t<meta property=\"og:image:width\" content=\"740\" \/>\n\t<meta property=\"og:image:height\" content=\"488\" \/>\n\t<meta property=\"og:image:type\" content=\"image\/jpeg\" \/>\n<meta name=\"author\" content=\"admin\" \/>\n<meta name=\"twitter:card\" content=\"summary_large_image\" \/>\n<meta name=\"twitter:creator\" content=\"@MotorRodi\" \/>\n<meta name=\"twitter:site\" content=\"@MotorRodi\" \/>\n<meta name=\"twitter:label1\" content=\"Escrito por\" \/>\n\t<meta name=\"twitter:data1\" content=\"admin\" \/>\n\t<meta name=\"twitter:label2\" content=\"Tiempo de lectura\" \/>\n\t<meta name=\"twitter:data2\" content=\"2 minutos\" \/>\n<script type=\"application\/ld+json\" class=\"yoast-schema-graph\">{\"@context\":\"https:\/\/schema.org\",\"@graph\":[{\"@type\":\"Article\",\"@id\":\"https:\/\/www.rodi.es\/blog\/taller-zaragoza-puebla-alfiden-san-valero-nuevas-instalaciones\/#article\",\"isPartOf\":{\"@id\":\"https:\/\/www.rodi.es\/blog\/taller-zaragoza-puebla-alfiden-san-valero-nuevas-instalaciones\/\"},\"author\":{\"name\":\"admin\",\"@id\":\"https:\/\/www.rodi.es\/blog\/#\/schema\/person\/d4e64de354e595dc7ef2a36759fca15c\"},\"headline\":\"Los talleres de Puebla de Alfid\u00e9n y P.I. San Valero estrenan Instalaciones\",\"datePublished\":\"2021-02-15T09:15:24+00:00\",\"dateModified\":\"2024-09-19T14:30:30+00:00\",\"mainEntityOfPage\":{\"@id\":\"https:\/\/www.rodi.es\/blog\/taller-zaragoza-puebla-alfiden-san-valero-nuevas-instalaciones\/\"},\"wordCount\":344,\"publisher\":{\"@id\":\"https:\/\/www.rodi.es\/blog\/#organization\"},\"image\":{\"@id\":\"https:\/\/www.rodi.es\/blog\/taller-zaragoza-puebla-alfiden-san-valero-nuevas-instalaciones\/#primaryimage\"},\"thumbnailUrl\":\"https:\/\/www.rodi.es\/blog\/wp-content\/uploads\/2021\/02\/taller-zaragoza-puebla-alfinden-zaragoza-1.jpg\",\"articleSection\":[\"Sin categorizar\"],\"inLanguage\":\"es\"},{\"@type\":\"WebPage\",\"@id\":\"https:\/\/www.rodi.es\/blog\/taller-zaragoza-puebla-alfiden-san-valero-nuevas-instalaciones\/\",\"url\":\"https:\/\/www.rodi.es\/blog\/taller-zaragoza-puebla-alfiden-san-valero-nuevas-instalaciones\/\",\"name\":\"Los talleres Puebla de Alfid\u00e9n y P.I. San Valero estrenan Instalaciones\",\"isPartOf\":{\"@id\":\"https:\/\/www.rodi.es\/blog\/#website\"},\"primaryImageOfPage\":{\"@id\":\"https:\/\/www.rodi.es\/blog\/taller-zaragoza-puebla-alfiden-san-valero-nuevas-instalaciones\/#primaryimage\"},\"image\":{\"@id\":\"https:\/\/www.rodi.es\/blog\/taller-zaragoza-puebla-alfiden-san-valero-nuevas-instalaciones\/#primaryimage\"},\"thumbnailUrl\":\"https:\/\/www.rodi.es\/blog\/wp-content\/uploads\/2021\/02\/taller-zaragoza-puebla-alfinden-zaragoza-1.jpg\",\"datePublished\":\"2021-02-15T09:15:24+00:00\",\"dateModified\":\"2024-09-19T14:30:30+00:00\",\"description\":\"Tras a\u00f1os prestando servicio en Zaragoza, en Rodi hemos emprendido mejoras en los talleres de la Puebla de Alfind\u00e9n y el Pol\u00edgono Industrial de San Valero.\",\"breadcrumb\":{\"@id\":\"https:\/\/www.rodi.es\/blog\/taller-zaragoza-puebla-alfiden-san-valero-nuevas-instalaciones\/#breadcrumb\"},\"inLanguage\":\"es\",\"potentialAction\":[{\"@type\":\"ReadAction\",\"target\":[\"https:\/\/www.rodi.es\/blog\/taller-zaragoza-puebla-alfiden-san-valero-nuevas-instalaciones\/\"]}]},{\"@type\":\"ImageObject\",\"inLanguage\":\"es\",\"@id\":\"https:\/\/www.rodi.es\/blog\/taller-zaragoza-puebla-alfiden-san-valero-nuevas-instalaciones\/#primaryimage\",\"url\":\"https:\/\/www.rodi.es\/blog\/wp-content\/uploads\/2021\/02\/taller-zaragoza-puebla-alfinden-zaragoza-1.jpg\",\"contentUrl\":\"https:\/\/www.rodi.es\/blog\/wp-content\/uploads\/2021\/02\/taller-zaragoza-puebla-alfinden-zaragoza-1.jpg\",\"width\":740,\"height\":488,\"caption\":\"taller zaragoza puebla alfiden san valero\"},{\"@type\":\"BreadcrumbList\",\"@id\":\"https:\/\/www.rodi.es\/blog\/taller-zaragoza-puebla-alfiden-san-valero-nuevas-instalaciones\/#breadcrumb\",\"itemListElement\":[{\"@type\":\"ListItem\",\"position\":1,\"name\":\"Portada\",\"item\":\"https:\/\/www.rodi.es\/blog\/\"},{\"@type\":\"ListItem\",\"position\":2,\"name\":\"Los talleres de Puebla de Alfid\u00e9n y P.I. San Valero estrenan Instalaciones\"}]},{\"@type\":\"WebSite\",\"@id\":\"https:\/\/www.rodi.es\/blog\/#website\",\"url\":\"https:\/\/www.rodi.es\/blog\/\",\"name\":\"Rodi Motor Services\",\"description\":\"Neum\u00e1ticos al mejor precio\",\"publisher\":{\"@id\":\"https:\/\/www.rodi.es\/blog\/#organization\"},\"potentialAction\":[{\"@type\":\"SearchAction\",\"target\":{\"@type\":\"EntryPoint\",\"urlTemplate\":\"https:\/\/www.rodi.es\/blog\/?s={search_term_string}\"},\"query-input\":{\"@type\":\"PropertyValueSpecification\",\"valueRequired\":true,\"valueName\":\"search_term_string\"}}],\"inLanguage\":\"es\"},{\"@type\":\"Organization\",\"@id\":\"https:\/\/www.rodi.es\/blog\/#organization\",\"name\":\"Rodi Motor Services\",\"url\":\"https:\/\/www.rodi.es\/blog\/\",\"logo\":{\"@type\":\"ImageObject\",\"inLanguage\":\"es\",\"@id\":\"https:\/\/www.rodi.es\/blog\/#\/schema\/logo\/image\/\",\"url\":\"https:\/\/www.rodi.es\/blog\/wp-content\/uploads\/2020\/05\/logo-rodi.jpg\",\"contentUrl\":\"https:\/\/www.rodi.es\/blog\/wp-content\/uploads\/2020\/05\/logo-rodi.jpg\",\"width\":250,\"height\":250,\"caption\":\"Rodi Motor Services\"},\"image\":{\"@id\":\"https:\/\/www.rodi.es\/blog\/#\/schema\/logo\/image\/\"},\"sameAs\":[\"https:\/\/www.facebook.com\/rodimotorservices\",\"https:\/\/x.com\/MotorRodi\",\"https:\/\/www.instagram.com\/rodimotorservices\/\",\"https:\/\/es.linkedin.com\/company\/rodi-motor-services\",\"https:\/\/www.youtube.com\/user\/rodimotorservices\"]},{\"@type\":\"Person\",\"@id\":\"https:\/\/www.rodi.es\/blog\/#\/schema\/person\/d4e64de354e595dc7ef2a36759fca15c\",\"name\":\"admin\",\"image\":{\"@type\":\"ImageObject\",\"inLanguage\":\"es\",\"@id\":\"https:\/\/www.rodi.es\/blog\/#\/schema\/person\/image\/\",\"url\":\"https:\/\/secure.gravatar.com\/avatar\/2dcfc725cd78c869421cb0f828640041?s=96&d=mm&r=g\",\"contentUrl\":\"https:\/\/secure.gravatar.com\/avatar\/2dcfc725cd78c869421cb0f828640041?s=96&d=mm&r=g\",\"caption\":\"admin\"}}]}<\/script>\n<!-- \/ Yoast SEO plugin. -->","yoast_head_json":{"title":"Los talleres Puebla de Alfid\u00e9n y P.I. San Valero estrenan Instalaciones","description":"Tras a\u00f1os prestando servicio en Zaragoza, en Rodi hemos emprendido mejoras en los talleres de la Puebla de Alfind\u00e9n y el Pol\u00edgono Industrial de San Valero.","robots":{"index":"index","follow":"follow","max-snippet":"max-snippet:-1","max-image-preview":"max-image-preview:large","max-video-preview":"max-video-preview:-1"},"canonical":"https:\/\/www.rodi.es\/blog\/taller-zaragoza-puebla-alfiden-san-valero-nuevas-instalaciones\/","og_locale":"es_ES","og_type":"article","og_title":"Los talleres Puebla de Alfid\u00e9n y P.I. San Valero estrenan Instalaciones","og_description":"Tras a\u00f1os prestando servicio en Zaragoza, en Rodi hemos emprendido mejoras en los talleres de la Puebla de Alfind\u00e9n y el Pol\u00edgono Industrial de San Valero.","og_url":"https:\/\/www.rodi.es\/blog\/taller-zaragoza-puebla-alfiden-san-valero-nuevas-instalaciones\/","og_site_name":"Rodi Motor Services","article_publisher":"https:\/\/www.facebook.com\/rodimotorservices","article_published_time":"2021-02-15T09:15:24+00:00","article_modified_time":"2024-09-19T14:30:30+00:00","og_image":[{"width":740,"height":488,"url":"https:\/\/www.rodi.es\/blog\/wp-content\/uploads\/2021\/02\/taller-zaragoza-puebla-alfinden-zaragoza-1.jpg","type":"image\/jpeg"}],"author":"admin","twitter_card":"summary_large_image","twitter_creator":"@MotorRodi","twitter_site":"@MotorRodi","twitter_misc":{"Escrito por":"admin","Tiempo de lectura":"2 minutos"},"schema":{"@context":"https:\/\/schema.org","@graph":[{"@type":"Article","@id":"https:\/\/www.rodi.es\/blog\/taller-zaragoza-puebla-alfiden-san-valero-nuevas-instalaciones\/#article","isPartOf":{"@id":"https:\/\/www.rodi.es\/blog\/taller-zaragoza-puebla-alfiden-san-valero-nuevas-instalaciones\/"},"author":{"name":"admin","@id":"https:\/\/www.rodi.es\/blog\/#\/schema\/person\/d4e64de354e595dc7ef2a36759fca15c"},"headline":"Los talleres de Puebla de Alfid\u00e9n y P.I. San Valero estrenan Instalaciones","datePublished":"2021-02-15T09:15:24+00:00","dateModified":"2024-09-19T14:30:30+00:00","mainEntityOfPage":{"@id":"https:\/\/www.rodi.es\/blog\/taller-zaragoza-puebla-alfiden-san-valero-nuevas-instalaciones\/"},"wordCount":344,"publisher":{"@id":"https:\/\/www.rodi.es\/blog\/#organization"},"image":{"@id":"https:\/\/www.rodi.es\/blog\/taller-zaragoza-puebla-alfiden-san-valero-nuevas-instalaciones\/#primaryimage"},"thumbnailUrl":"https:\/\/www.rodi.es\/blog\/wp-content\/uploads\/2021\/02\/taller-zaragoza-puebla-alfinden-zaragoza-1.jpg","articleSection":["Sin categorizar"],"inLanguage":"es"},{"@type":"WebPage","@id":"https:\/\/www.rodi.es\/blog\/taller-zaragoza-puebla-alfiden-san-valero-nuevas-instalaciones\/","url":"https:\/\/www.rodi.es\/blog\/taller-zaragoza-puebla-alfiden-san-valero-nuevas-instalaciones\/","name":"Los talleres Puebla de Alfid\u00e9n y P.I. San Valero estrenan Instalaciones","isPartOf":{"@id":"https:\/\/www.rodi.es\/blog\/#website"},"primaryImageOfPage":{"@id":"https:\/\/www.rodi.es\/blog\/taller-zaragoza-puebla-alfiden-san-valero-nuevas-instalaciones\/#primaryimage"},"image":{"@id":"https:\/\/www.rodi.es\/blog\/taller-zaragoza-puebla-alfiden-san-valero-nuevas-instalaciones\/#primaryimage"},"thumbnailUrl":"https:\/\/www.rodi.es\/blog\/wp-content\/uploads\/2021\/02\/taller-zaragoza-puebla-alfinden-zaragoza-1.jpg","datePublished":"2021-02-15T09:15:24+00:00","dateModified":"2024-09-19T14:30:30+00:00","description":"Tras a\u00f1os prestando servicio en Zaragoza, en Rodi hemos emprendido mejoras en los talleres de la Puebla de Alfind\u00e9n y el Pol\u00edgono Industrial de San Valero.","breadcrumb":{"@id":"https:\/\/www.rodi.es\/blog\/taller-zaragoza-puebla-alfiden-san-valero-nuevas-instalaciones\/#breadcrumb"},"inLanguage":"es","potentialAction":[{"@type":"ReadAction","target":["https:\/\/www.rodi.es\/blog\/taller-zaragoza-puebla-alfiden-san-valero-nuevas-instalaciones\/"]}]},{"@type":"ImageObject","inLanguage":"es","@id":"https:\/\/www.rodi.es\/blog\/taller-zaragoza-puebla-alfiden-san-valero-nuevas-instalaciones\/#primaryimage","url":"https:\/\/www.rodi.es\/blog\/wp-content\/uploads\/2021\/02\/taller-zaragoza-puebla-alfinden-zaragoza-1.jpg","contentUrl":"https:\/\/www.rodi.es\/blog\/wp-content\/uploads\/2021\/02\/taller-zaragoza-puebla-alfinden-zaragoza-1.jpg","width":740,"height":488,"caption":"taller zaragoza puebla alfiden san valero"},{"@type":"BreadcrumbList","@id":"https:\/\/www.rodi.es\/blog\/taller-zaragoza-puebla-alfiden-san-valero-nuevas-instalaciones\/#breadcrumb","itemListElement":[{"@type":"ListItem","position":1,"name":"Portada","item":"https:\/\/www.rodi.es\/blog\/"},{"@type":"ListItem","position":2,"name":"Los talleres de Puebla de Alfid\u00e9n y P.I. San Valero estrenan Instalaciones"}]},{"@type":"WebSite","@id":"https:\/\/www.rodi.es\/blog\/#website","url":"https:\/\/www.rodi.es\/blog\/","name":"Rodi Motor Services","description":"Neum\u00e1ticos al mejor precio","publisher":{"@id":"https:\/\/www.rodi.es\/blog\/#organization"},"potentialAction":[{"@type":"SearchAction","target":{"@type":"EntryPoint","urlTemplate":"https:\/\/www.rodi.es\/blog\/?s={search_term_string}"},"query-input":{"@type":"PropertyValueSpecification","valueRequired":true,"valueName":"search_term_string"}}],"inLanguage":"es"},{"@type":"Organization","@id":"https:\/\/www.rodi.es\/blog\/#organization","name":"Rodi Motor Services","url":"https:\/\/www.rodi.es\/blog\/","logo":{"@type":"ImageObject","inLanguage":"es","@id":"https:\/\/www.rodi.es\/blog\/#\/schema\/logo\/image\/","url":"https:\/\/www.rodi.es\/blog\/wp-content\/uploads\/2020\/05\/logo-rodi.jpg","contentUrl":"https:\/\/www.rodi.es\/blog\/wp-content\/uploads\/2020\/05\/logo-rodi.jpg","width":250,"height":250,"caption":"Rodi Motor Services"},"image":{"@id":"https:\/\/www.rodi.es\/blog\/#\/schema\/logo\/image\/"},"sameAs":["https:\/\/www.facebook.com\/rodimotorservices","https:\/\/x.com\/MotorRodi","https:\/\/www.instagram.com\/rodimotorservices\/","https:\/\/es.linkedin.com\/company\/rodi-motor-services","https:\/\/www.youtube.com\/user\/rodimotorservices"]},{"@type":"Person","@id":"https:\/\/www.rodi.es\/blog\/#\/schema\/person\/d4e64de354e595dc7ef2a36759fca15c","name":"admin","image":{"@type":"ImageObject","inLanguage":"es","@id":"https:\/\/www.rodi.es\/blog\/#\/schema\/person\/image\/","url":"https:\/\/secure.gravatar.com\/avatar\/2dcfc725cd78c869421cb0f828640041?s=96&d=mm&r=g","contentUrl":"https:\/\/secure.gravatar.com\/avatar\/2dcfc725cd78c869421cb0f828640041?s=96&d=mm&r=g","caption":"admin"}}]}},"_links":{"self":[{"href":"https:\/\/www.rodi.es\/blog\/wp-json\/wp\/v2\/posts\/4325"}],"collection":[{"href":"https:\/\/www.rodi.es\/blog\/wp-json\/wp\/v2\/posts"}],"about":[{"href":"https:\/\/www.rodi.es\/blog\/wp-json\/wp\/v2\/types\/post"}],"author":[{"embeddable":true,"href":"https:\/\/www.rodi.es\/blog\/wp-json\/wp\/v2\/users\/1"}],"replies":[{"embeddable":true,"href":"https:\/\/www.rodi.es\/blog\/wp-json\/wp\/v2\/comments?post=4325"}],"version-history":[{"count":5,"href":"https:\/\/www.rodi.es\/blog\/wp-json\/wp\/v2\/posts\/4325\/revisions"}],"predecessor-version":[{"id":10630,"href":"https:\/\/www.rodi.es\/blog\/wp-json\/wp\/v2\/posts\/4325\/revisions\/10630"}],"wp:featuredmedia":[{"embeddable":true,"href":"https:\/\/www.rodi.es\/blog\/wp-json\/wp\/v2\/media\/4332"}],"wp:attachment":[{"href":"https:\/\/www.rodi.es\/blog\/wp-json\/wp\/v2\/media?parent=4325"}],"wp:term":[{"taxonomy":"category","embeddable":true,"href":"https:\/\/www.rodi.es\/blog\/wp-json\/wp\/v2\/categories?post=4325"},{"taxonomy":"post_tag","embeddable":true,"href":"https:\/\/www.rodi.es\/blog\/wp-json\/wp\/v2\/tags?post=4325"}],"curies":[{"name":"wp","href":"https:\/\/api.w.org\/{rel}","templated":true}]}}