{"id":4347,"date":"2021-02-22T07:34:58","date_gmt":"2021-02-22T07:34:58","guid":{"rendered":"https:\/\/www.rodi.es\/blog\/?p=4347"},"modified":"2021-02-22T08:39:14","modified_gmt":"2021-02-22T08:39:14","slug":"taller-mataro-sant-feliu-nueva-recepcion","status":"publish","type":"post","link":"https:\/\/www.rodi.es\/blog\/taller-mataro-sant-feliu-nueva-recepcion\/","title":{"rendered":"Los talleres de Matar\u00f3 y Sant Feliu de Gu\u00edxols estrenan nueva recepci\u00f3n"},"content":{"rendered":"\n<p>En Rodi estamos de inauguraci\u00f3n, los <strong>talleres de Matar\u00f3 y Sant Feliu de Gu\u00edxols estrenan nueva recepci\u00f3n<\/strong>. Gracias a este nuevo espacio, mejoramos la experiencia de compra del cliente que ahora podr\u00e1 disfrutar mejor de todas las ventajas que le brinda su taller de confianza.<\/p>\n\n\n\n<figure class=\"wp-block-image size-large\"><img decoding=\"async\" width=\"740\" height=\"416\" src=\"https:\/\/www.rodi.es\/blog\/wp-content\/uploads\/2021\/02\/taller-rodi-mataro-recepcion-premium.jpg\" alt=\"\" class=\"wp-image-4357\" srcset=\"https:\/\/www.rodi.es\/blog\/wp-content\/uploads\/2021\/02\/taller-rodi-mataro-recepcion-premium.jpg 740w, https:\/\/www.rodi.es\/blog\/wp-content\/uploads\/2021\/02\/taller-rodi-mataro-recepcion-premium-300x169.jpg 300w\" sizes=\"(max-width: 706px) 89vw, (max-width: 767px) 82vw, 740px\" \/><figcaption>Nueva recepci\u00f3n del taller Rodi en Matar\u00f3 del Centro Comercial Can Soleret.<\/figcaption><\/figure>\n\n\n\n<p>El <a href=\"https:\/\/www.rodi.es\/talleres-mecanicos\/barcelona\/mataro\/\">taller de Matar\u00f3 ubicado en el Centro Comercial Can Soleret<\/a> se uni\u00f3 a la red Rodi Motor Services hace m\u00e1s de 7 a\u00f1os. Durante este tiempo, este taller ha conseguido consolidarse como un centro mec\u00e1nico de referencia en la ciudad. Ahora, adem\u00e1s, cuenta con una nueva recepci\u00f3n donde las personas que realizan el mantenimiento a su veh\u00edculo pueden disfrutar de nuevas comodidades. Las m\u00e1s destacadas son: <strong>m\u00e1quina de caf\u00e9, punto de recarga m\u00f3vil, conexi\u00f3n WiFi, zona infantil o lugar de espera con sof\u00e1 y televisi\u00f3n<\/strong>. En la actualidad el taller Rodi de Matar\u00f3 cuenta con un equipo de 10 profesionales.<\/p>\n\n\n\n<figure class=\"wp-block-image size-large\"><img decoding=\"async\" width=\"740\" height=\"416\" src=\"https:\/\/www.rodi.es\/blog\/wp-content\/uploads\/2021\/02\/taller-rodi-sant-feliu-guixols-recepcion-premium.jpg\" alt=\"\" class=\"wp-image-4354\" srcset=\"https:\/\/www.rodi.es\/blog\/wp-content\/uploads\/2021\/02\/taller-rodi-sant-feliu-guixols-recepcion-premium.jpg 740w, https:\/\/www.rodi.es\/blog\/wp-content\/uploads\/2021\/02\/taller-rodi-sant-feliu-guixols-recepcion-premium-300x169.jpg 300w\" sizes=\"(max-width: 706px) 89vw, (max-width: 767px) 82vw, 740px\" \/><figcaption>Espaci\u00f3 dedicado al cliente en la nueva recepci\u00f3n del taller Rodi de Sant Feliu de Gu\u00edxols .<\/figcaption><\/figure>\n\n\n\n<p>El <a href=\"https:\/\/www.rodi.es\/talleres-mecanicos\/girona\/sant-feliu-guixols\/\">taller de Sant Feliu de Gu\u00edxols ubicado Paratge Bujonis (Pol. A)<\/a> es un centro con larga trayectoria en la localidad. Se uni\u00f3 a la red de Rodi Motor Services en 2015. En la actualidad cuenta con un equipo de 5 profesionales que prestan servicio a los clientes de la zona. La recepci\u00f3n del taller ampl\u00eda su oferta de comodidades adaptando un espacio para el cliente con <strong>conexi\u00f3n WiFi, \u00e1rea de trabajo, punto de recarga m\u00f3vil, sof\u00e1 y televisi\u00f3n. <\/strong><\/p>\n\n\n\n<p>Ambos talleres son especialistas en mantenimiento de <strong>coches tipo turismo, SUV y 4&#215;4<\/strong>. Entre los servicios que ofrecen a sus clientes destaca el <strong>cambio de neum\u00e1ticos, aceite, filtros, bater\u00edas, frenos y amortiguadores.<\/strong> Gracias a las posibilidades que ofrece la web de Rodi, los clientes tambi\u00e9n cuentan con <strong>servicios de compra online de neum\u00e1ticos y revisiones<\/strong>.<\/p>\n\n\n\n<p>Estos nuevos espacios dedicados al cliente son el resultado de la estrategia de mejora continua seguida por Rodi Motor Services durante los \u00faltimos a\u00f1os. Durante este 2021, en Rodi cumplimos 30 a\u00f1o y queremos celebrarlo mejorando la experiencia de compra y la comodidad de servicio de todos nuestros clientes.<\/p>\n","protected":false},"excerpt":{"rendered":"<p>En Rodi estamos de inauguraci\u00f3n, los talleres de Matar\u00f3 y Sant Feliu de Gu\u00edxols estrenan nueva recepci\u00f3n. Gracias a este nuevo espacio, mejoramos la experiencia de compra del cliente que ahora podr\u00e1 disfrutar mejor de todas las ventajas que le brinda su taller de confianza. El taller de Matar\u00f3 ubicado en el Centro Comercial Can &hellip; <\/p>\n<p class=\"link-more\"><a href=\"https:\/\/www.rodi.es\/blog\/taller-mataro-sant-feliu-nueva-recepcion\/\" class=\"more-link\">Continuar leyendo<span class=\"screen-reader-text\"> \u00abLos talleres de Matar\u00f3 y Sant Feliu de Gu\u00edxols estrenan nueva recepci\u00f3n\u00bb<\/span><\/a><\/p>\n","protected":false},"author":1,"featured_media":4351,"comment_status":"closed","ping_status":"closed","sticky":false,"template":"","format":"standard","meta":{"footnotes":""},"categories":[1],"tags":[],"yoast_head":"<!-- This site is optimized with the Yoast SEO plugin v24.4 - https:\/\/yoast.com\/wordpress\/plugins\/seo\/ -->\n<title>Los talleres de Matar\u00f3 y Sant Feliu de Gu\u00edxols estrenan nueva recepci\u00f3n<\/title>\n<meta name=\"description\" content=\"Los talleres Rodi de Matar\u00f3 y Sant Feliu de Gu\u00edxols estrenan nueva recepci\u00f3n mejorando la comodidad del cliente y su experiencia de compra.\" \/>\n<meta name=\"robots\" content=\"index, follow, max-snippet:-1, max-image-preview:large, max-video-preview:-1\" \/>\n<link rel=\"canonical\" href=\"https:\/\/www.rodi.es\/blog\/taller-mataro-sant-feliu-nueva-recepcion\/\" \/>\n<meta property=\"og:locale\" content=\"es_ES\" \/>\n<meta property=\"og:type\" content=\"article\" \/>\n<meta property=\"og:title\" content=\"Los talleres de Matar\u00f3 y Sant Feliu de Gu\u00edxols estrenan nueva recepci\u00f3n\" \/>\n<meta property=\"og:description\" content=\"Los talleres Rodi de Matar\u00f3 y Sant Feliu de Gu\u00edxols estrenan nueva recepci\u00f3n mejorando la comodidad del cliente y su experiencia de compra.\" \/>\n<meta property=\"og:url\" content=\"https:\/\/www.rodi.es\/blog\/taller-mataro-sant-feliu-nueva-recepcion\/\" \/>\n<meta property=\"og:site_name\" content=\"Rodi Motor Services\" \/>\n<meta property=\"article:publisher\" content=\"https:\/\/www.facebook.com\/rodimotorservices\" \/>\n<meta property=\"article:published_time\" content=\"2021-02-22T07:34:58+00:00\" \/>\n<meta property=\"article:modified_time\" content=\"2021-02-22T08:39:14+00:00\" \/>\n<meta property=\"og:image\" content=\"https:\/\/www.rodi.es\/blog\/wp-content\/uploads\/2021\/02\/taller-mataro-sant-feliu-guixols-nueva-recepcion-es-1.jpg\" \/>\n\t<meta property=\"og:image:width\" content=\"740\" \/>\n\t<meta property=\"og:image:height\" content=\"488\" \/>\n\t<meta property=\"og:image:type\" content=\"image\/jpeg\" \/>\n<meta name=\"author\" content=\"admin\" \/>\n<meta name=\"twitter:card\" content=\"summary_large_image\" \/>\n<meta name=\"twitter:creator\" content=\"@MotorRodi\" \/>\n<meta name=\"twitter:site\" content=\"@MotorRodi\" \/>\n<meta name=\"twitter:label1\" content=\"Escrito por\" \/>\n\t<meta name=\"twitter:data1\" content=\"admin\" \/>\n\t<meta name=\"twitter:label2\" content=\"Tiempo de lectura\" \/>\n\t<meta name=\"twitter:data2\" content=\"2 minutos\" \/>\n<script type=\"application\/ld+json\" class=\"yoast-schema-graph\">{\"@context\":\"https:\/\/schema.org\",\"@graph\":[{\"@type\":\"Article\",\"@id\":\"https:\/\/www.rodi.es\/blog\/taller-mataro-sant-feliu-nueva-recepcion\/#article\",\"isPartOf\":{\"@id\":\"https:\/\/www.rodi.es\/blog\/taller-mataro-sant-feliu-nueva-recepcion\/\"},\"author\":{\"name\":\"admin\",\"@id\":\"https:\/\/www.rodi.es\/blog\/#\/schema\/person\/d4e64de354e595dc7ef2a36759fca15c\"},\"headline\":\"Los talleres de Matar\u00f3 y Sant Feliu de Gu\u00edxols estrenan nueva recepci\u00f3n\",\"datePublished\":\"2021-02-22T07:34:58+00:00\",\"dateModified\":\"2021-02-22T08:39:14+00:00\",\"mainEntityOfPage\":{\"@id\":\"https:\/\/www.rodi.es\/blog\/taller-mataro-sant-feliu-nueva-recepcion\/\"},\"wordCount\":394,\"publisher\":{\"@id\":\"https:\/\/www.rodi.es\/blog\/#organization\"},\"image\":{\"@id\":\"https:\/\/www.rodi.es\/blog\/taller-mataro-sant-feliu-nueva-recepcion\/#primaryimage\"},\"thumbnailUrl\":\"https:\/\/www.rodi.es\/blog\/wp-content\/uploads\/2021\/02\/taller-mataro-sant-feliu-guixols-nueva-recepcion-es-1.jpg\",\"articleSection\":[\"Sin categorizar\"],\"inLanguage\":\"es\"},{\"@type\":\"WebPage\",\"@id\":\"https:\/\/www.rodi.es\/blog\/taller-mataro-sant-feliu-nueva-recepcion\/\",\"url\":\"https:\/\/www.rodi.es\/blog\/taller-mataro-sant-feliu-nueva-recepcion\/\",\"name\":\"Los talleres de Matar\u00f3 y Sant Feliu de Gu\u00edxols estrenan nueva recepci\u00f3n\",\"isPartOf\":{\"@id\":\"https:\/\/www.rodi.es\/blog\/#website\"},\"primaryImageOfPage\":{\"@id\":\"https:\/\/www.rodi.es\/blog\/taller-mataro-sant-feliu-nueva-recepcion\/#primaryimage\"},\"image\":{\"@id\":\"https:\/\/www.rodi.es\/blog\/taller-mataro-sant-feliu-nueva-recepcion\/#primaryimage\"},\"thumbnailUrl\":\"https:\/\/www.rodi.es\/blog\/wp-content\/uploads\/2021\/02\/taller-mataro-sant-feliu-guixols-nueva-recepcion-es-1.jpg\",\"datePublished\":\"2021-02-22T07:34:58+00:00\",\"dateModified\":\"2021-02-22T08:39:14+00:00\",\"description\":\"Los talleres Rodi de Matar\u00f3 y Sant Feliu de Gu\u00edxols estrenan nueva recepci\u00f3n mejorando la comodidad del cliente y su experiencia de compra.\",\"breadcrumb\":{\"@id\":\"https:\/\/www.rodi.es\/blog\/taller-mataro-sant-feliu-nueva-recepcion\/#breadcrumb\"},\"inLanguage\":\"es\",\"potentialAction\":[{\"@type\":\"ReadAction\",\"target\":[\"https:\/\/www.rodi.es\/blog\/taller-mataro-sant-feliu-nueva-recepcion\/\"]}]},{\"@type\":\"ImageObject\",\"inLanguage\":\"es\",\"@id\":\"https:\/\/www.rodi.es\/blog\/taller-mataro-sant-feliu-nueva-recepcion\/#primaryimage\",\"url\":\"https:\/\/www.rodi.es\/blog\/wp-content\/uploads\/2021\/02\/taller-mataro-sant-feliu-guixols-nueva-recepcion-es-1.jpg\",\"contentUrl\":\"https:\/\/www.rodi.es\/blog\/wp-content\/uploads\/2021\/02\/taller-mataro-sant-feliu-guixols-nueva-recepcion-es-1.jpg\",\"width\":740,\"height\":488,\"caption\":\"taller mataro sant feliu estreno\"},{\"@type\":\"BreadcrumbList\",\"@id\":\"https:\/\/www.rodi.es\/blog\/taller-mataro-sant-feliu-nueva-recepcion\/#breadcrumb\",\"itemListElement\":[{\"@type\":\"ListItem\",\"position\":1,\"name\":\"Portada\",\"item\":\"https:\/\/www.rodi.es\/blog\/\"},{\"@type\":\"ListItem\",\"position\":2,\"name\":\"Los talleres de Matar\u00f3 y Sant Feliu de Gu\u00edxols estrenan nueva recepci\u00f3n\"}]},{\"@type\":\"WebSite\",\"@id\":\"https:\/\/www.rodi.es\/blog\/#website\",\"url\":\"https:\/\/www.rodi.es\/blog\/\",\"name\":\"Rodi Motor Services\",\"description\":\"Neum\u00e1ticos al mejor precio\",\"publisher\":{\"@id\":\"https:\/\/www.rodi.es\/blog\/#organization\"},\"potentialAction\":[{\"@type\":\"SearchAction\",\"target\":{\"@type\":\"EntryPoint\",\"urlTemplate\":\"https:\/\/www.rodi.es\/blog\/?s={search_term_string}\"},\"query-input\":{\"@type\":\"PropertyValueSpecification\",\"valueRequired\":true,\"valueName\":\"search_term_string\"}}],\"inLanguage\":\"es\"},{\"@type\":\"Organization\",\"@id\":\"https:\/\/www.rodi.es\/blog\/#organization\",\"name\":\"Rodi Motor Services\",\"url\":\"https:\/\/www.rodi.es\/blog\/\",\"logo\":{\"@type\":\"ImageObject\",\"inLanguage\":\"es\",\"@id\":\"https:\/\/www.rodi.es\/blog\/#\/schema\/logo\/image\/\",\"url\":\"https:\/\/www.rodi.es\/blog\/wp-content\/uploads\/2020\/05\/logo-rodi.jpg\",\"contentUrl\":\"https:\/\/www.rodi.es\/blog\/wp-content\/uploads\/2020\/05\/logo-rodi.jpg\",\"width\":250,\"height\":250,\"caption\":\"Rodi Motor Services\"},\"image\":{\"@id\":\"https:\/\/www.rodi.es\/blog\/#\/schema\/logo\/image\/\"},\"sameAs\":[\"https:\/\/www.facebook.com\/rodimotorservices\",\"https:\/\/x.com\/MotorRodi\",\"https:\/\/www.instagram.com\/rodimotorservices\/\",\"https:\/\/es.linkedin.com\/company\/rodi-motor-services\",\"https:\/\/www.youtube.com\/user\/rodimotorservices\"]},{\"@type\":\"Person\",\"@id\":\"https:\/\/www.rodi.es\/blog\/#\/schema\/person\/d4e64de354e595dc7ef2a36759fca15c\",\"name\":\"admin\",\"image\":{\"@type\":\"ImageObject\",\"inLanguage\":\"es\",\"@id\":\"https:\/\/www.rodi.es\/blog\/#\/schema\/person\/image\/\",\"url\":\"https:\/\/secure.gravatar.com\/avatar\/2dcfc725cd78c869421cb0f828640041?s=96&d=mm&r=g\",\"contentUrl\":\"https:\/\/secure.gravatar.com\/avatar\/2dcfc725cd78c869421cb0f828640041?s=96&d=mm&r=g\",\"caption\":\"admin\"}}]}<\/script>\n<!-- \/ Yoast SEO plugin. -->","yoast_head_json":{"title":"Los talleres de Matar\u00f3 y Sant Feliu de Gu\u00edxols estrenan nueva recepci\u00f3n","description":"Los talleres Rodi de Matar\u00f3 y Sant Feliu de Gu\u00edxols estrenan nueva recepci\u00f3n mejorando la comodidad del cliente y su experiencia de compra.","robots":{"index":"index","follow":"follow","max-snippet":"max-snippet:-1","max-image-preview":"max-image-preview:large","max-video-preview":"max-video-preview:-1"},"canonical":"https:\/\/www.rodi.es\/blog\/taller-mataro-sant-feliu-nueva-recepcion\/","og_locale":"es_ES","og_type":"article","og_title":"Los talleres de Matar\u00f3 y Sant Feliu de Gu\u00edxols estrenan nueva recepci\u00f3n","og_description":"Los talleres Rodi de Matar\u00f3 y Sant Feliu de Gu\u00edxols estrenan nueva recepci\u00f3n mejorando la comodidad del cliente y su experiencia de compra.","og_url":"https:\/\/www.rodi.es\/blog\/taller-mataro-sant-feliu-nueva-recepcion\/","og_site_name":"Rodi Motor Services","article_publisher":"https:\/\/www.facebook.com\/rodimotorservices","article_published_time":"2021-02-22T07:34:58+00:00","article_modified_time":"2021-02-22T08:39:14+00:00","og_image":[{"width":740,"height":488,"url":"https:\/\/www.rodi.es\/blog\/wp-content\/uploads\/2021\/02\/taller-mataro-sant-feliu-guixols-nueva-recepcion-es-1.jpg","type":"image\/jpeg"}],"author":"admin","twitter_card":"summary_large_image","twitter_creator":"@MotorRodi","twitter_site":"@MotorRodi","twitter_misc":{"Escrito por":"admin","Tiempo de lectura":"2 minutos"},"schema":{"@context":"https:\/\/schema.org","@graph":[{"@type":"Article","@id":"https:\/\/www.rodi.es\/blog\/taller-mataro-sant-feliu-nueva-recepcion\/#article","isPartOf":{"@id":"https:\/\/www.rodi.es\/blog\/taller-mataro-sant-feliu-nueva-recepcion\/"},"author":{"name":"admin","@id":"https:\/\/www.rodi.es\/blog\/#\/schema\/person\/d4e64de354e595dc7ef2a36759fca15c"},"headline":"Los talleres de Matar\u00f3 y Sant Feliu de Gu\u00edxols estrenan nueva recepci\u00f3n","datePublished":"2021-02-22T07:34:58+00:00","dateModified":"2021-02-22T08:39:14+00:00","mainEntityOfPage":{"@id":"https:\/\/www.rodi.es\/blog\/taller-mataro-sant-feliu-nueva-recepcion\/"},"wordCount":394,"publisher":{"@id":"https:\/\/www.rodi.es\/blog\/#organization"},"image":{"@id":"https:\/\/www.rodi.es\/blog\/taller-mataro-sant-feliu-nueva-recepcion\/#primaryimage"},"thumbnailUrl":"https:\/\/www.rodi.es\/blog\/wp-content\/uploads\/2021\/02\/taller-mataro-sant-feliu-guixols-nueva-recepcion-es-1.jpg","articleSection":["Sin categorizar"],"inLanguage":"es"},{"@type":"WebPage","@id":"https:\/\/www.rodi.es\/blog\/taller-mataro-sant-feliu-nueva-recepcion\/","url":"https:\/\/www.rodi.es\/blog\/taller-mataro-sant-feliu-nueva-recepcion\/","name":"Los talleres de Matar\u00f3 y Sant Feliu de Gu\u00edxols estrenan nueva recepci\u00f3n","isPartOf":{"@id":"https:\/\/www.rodi.es\/blog\/#website"},"primaryImageOfPage":{"@id":"https:\/\/www.rodi.es\/blog\/taller-mataro-sant-feliu-nueva-recepcion\/#primaryimage"},"image":{"@id":"https:\/\/www.rodi.es\/blog\/taller-mataro-sant-feliu-nueva-recepcion\/#primaryimage"},"thumbnailUrl":"https:\/\/www.rodi.es\/blog\/wp-content\/uploads\/2021\/02\/taller-mataro-sant-feliu-guixols-nueva-recepcion-es-1.jpg","datePublished":"2021-02-22T07:34:58+00:00","dateModified":"2021-02-22T08:39:14+00:00","description":"Los talleres Rodi de Matar\u00f3 y Sant Feliu de Gu\u00edxols estrenan nueva recepci\u00f3n mejorando la comodidad del cliente y su experiencia de compra.","breadcrumb":{"@id":"https:\/\/www.rodi.es\/blog\/taller-mataro-sant-feliu-nueva-recepcion\/#breadcrumb"},"inLanguage":"es","potentialAction":[{"@type":"ReadAction","target":["https:\/\/www.rodi.es\/blog\/taller-mataro-sant-feliu-nueva-recepcion\/"]}]},{"@type":"ImageObject","inLanguage":"es","@id":"https:\/\/www.rodi.es\/blog\/taller-mataro-sant-feliu-nueva-recepcion\/#primaryimage","url":"https:\/\/www.rodi.es\/blog\/wp-content\/uploads\/2021\/02\/taller-mataro-sant-feliu-guixols-nueva-recepcion-es-1.jpg","contentUrl":"https:\/\/www.rodi.es\/blog\/wp-content\/uploads\/2021\/02\/taller-mataro-sant-feliu-guixols-nueva-recepcion-es-1.jpg","width":740,"height":488,"caption":"taller mataro sant feliu estreno"},{"@type":"BreadcrumbList","@id":"https:\/\/www.rodi.es\/blog\/taller-mataro-sant-feliu-nueva-recepcion\/#breadcrumb","itemListElement":[{"@type":"ListItem","position":1,"name":"Portada","item":"https:\/\/www.rodi.es\/blog\/"},{"@type":"ListItem","position":2,"name":"Los talleres de Matar\u00f3 y Sant Feliu de Gu\u00edxols estrenan nueva recepci\u00f3n"}]},{"@type":"WebSite","@id":"https:\/\/www.rodi.es\/blog\/#website","url":"https:\/\/www.rodi.es\/blog\/","name":"Rodi Motor Services","description":"Neum\u00e1ticos al mejor precio","publisher":{"@id":"https:\/\/www.rodi.es\/blog\/#organization"},"potentialAction":[{"@type":"SearchAction","target":{"@type":"EntryPoint","urlTemplate":"https:\/\/www.rodi.es\/blog\/?s={search_term_string}"},"query-input":{"@type":"PropertyValueSpecification","valueRequired":true,"valueName":"search_term_string"}}],"inLanguage":"es"},{"@type":"Organization","@id":"https:\/\/www.rodi.es\/blog\/#organization","name":"Rodi Motor Services","url":"https:\/\/www.rodi.es\/blog\/","logo":{"@type":"ImageObject","inLanguage":"es","@id":"https:\/\/www.rodi.es\/blog\/#\/schema\/logo\/image\/","url":"https:\/\/www.rodi.es\/blog\/wp-content\/uploads\/2020\/05\/logo-rodi.jpg","contentUrl":"https:\/\/www.rodi.es\/blog\/wp-content\/uploads\/2020\/05\/logo-rodi.jpg","width":250,"height":250,"caption":"Rodi Motor Services"},"image":{"@id":"https:\/\/www.rodi.es\/blog\/#\/schema\/logo\/image\/"},"sameAs":["https:\/\/www.facebook.com\/rodimotorservices","https:\/\/x.com\/MotorRodi","https:\/\/www.instagram.com\/rodimotorservices\/","https:\/\/es.linkedin.com\/company\/rodi-motor-services","https:\/\/www.youtube.com\/user\/rodimotorservices"]},{"@type":"Person","@id":"https:\/\/www.rodi.es\/blog\/#\/schema\/person\/d4e64de354e595dc7ef2a36759fca15c","name":"admin","image":{"@type":"ImageObject","inLanguage":"es","@id":"https:\/\/www.rodi.es\/blog\/#\/schema\/person\/image\/","url":"https:\/\/secure.gravatar.com\/avatar\/2dcfc725cd78c869421cb0f828640041?s=96&d=mm&r=g","contentUrl":"https:\/\/secure.gravatar.com\/avatar\/2dcfc725cd78c869421cb0f828640041?s=96&d=mm&r=g","caption":"admin"}}]}},"_links":{"self":[{"href":"https:\/\/www.rodi.es\/blog\/wp-json\/wp\/v2\/posts\/4347"}],"collection":[{"href":"https:\/\/www.rodi.es\/blog\/wp-json\/wp\/v2\/posts"}],"about":[{"href":"https:\/\/www.rodi.es\/blog\/wp-json\/wp\/v2\/types\/post"}],"author":[{"embeddable":true,"href":"https:\/\/www.rodi.es\/blog\/wp-json\/wp\/v2\/users\/1"}],"replies":[{"embeddable":true,"href":"https:\/\/www.rodi.es\/blog\/wp-json\/wp\/v2\/comments?post=4347"}],"version-history":[{"count":9,"href":"https:\/\/www.rodi.es\/blog\/wp-json\/wp\/v2\/posts\/4347\/revisions"}],"predecessor-version":[{"id":4399,"href":"https:\/\/www.rodi.es\/blog\/wp-json\/wp\/v2\/posts\/4347\/revisions\/4399"}],"wp:featuredmedia":[{"embeddable":true,"href":"https:\/\/www.rodi.es\/blog\/wp-json\/wp\/v2\/media\/4351"}],"wp:attachment":[{"href":"https:\/\/www.rodi.es\/blog\/wp-json\/wp\/v2\/media?parent=4347"}],"wp:term":[{"taxonomy":"category","embeddable":true,"href":"https:\/\/www.rodi.es\/blog\/wp-json\/wp\/v2\/categories?post=4347"},{"taxonomy":"post_tag","embeddable":true,"href":"https:\/\/www.rodi.es\/blog\/wp-json\/wp\/v2\/tags?post=4347"}],"curies":[{"name":"wp","href":"https:\/\/api.w.org\/{rel}","templated":true}]}}